{"id":136,"date":"2025-10-20T14:51:49","date_gmt":"2025-10-20T17:51:49","guid":{"rendered":"https:\/\/www.temmontagens.com.br\/blog\/?p=136"},"modified":"2025-10-20T14:52:09","modified_gmt":"2025-10-20T17:52:09","slug":"montagem-eletrica-industrial-por-que-contratar-uma-empresa-com-engenharia-propria-faz-diferenca","status":"publish","type":"post","link":"https:\/\/www.temmontagens.com.br\/blog\/montagem-eletrica\/montagem-eletrica-industrial-por-que-contratar-uma-empresa-com-engenharia-propria-faz-diferenca\/","title":{"rendered":"Montagem el\u00e9trica industrial: por que contratar uma empresa com engenharia pr\u00f3pria faz diferen\u00e7a"},"content":{"rendered":"\n<p class=\"has-medium-font-size\"><strong><em>Descubra como uma empresa com engenharia pr\u00f3pria garante mais seguran\u00e7a, efici\u00eancia e personaliza\u00e7\u00e3o na montagem el\u00e9trica industrial.<\/em><\/strong><\/p>\n\n\n\n<p>Na <strong>TEM Montagens<\/strong>, acreditamos que uma instala\u00e7\u00e3o el\u00e9trica industrial segura e eficiente come\u00e7a muito antes dos cabos e pain\u00e9is serem montados. Ela nasce na <strong>engenharia<\/strong> \u2014 o cora\u00e7\u00e3o de todo o projeto.<\/p>\n\n\n\n<p>Ter uma <strong>equipe de engenharia pr\u00f3pria<\/strong> faz toda diferen\u00e7a na entrega final. Isso porque cada solu\u00e7\u00e3o \u00e9 pensada de forma t\u00e9cnica, personalizada e em total conformidade com normas como <strong>ABNT NBR 5410, NR-10 e NR-12<\/strong>, garantindo seguran\u00e7a e durabilidade.<\/p>\n\n\n\n<p>Se voc\u00ea \u00e9 gestor ou engenheiro industrial, sabe que um pequeno erro el\u00e9trico pode gerar grandes preju\u00edzos. \u00c9 por isso que a escolha da empresa certa para cuidar da <strong>montagem el\u00e9trica industrial<\/strong> \u00e9 decisiva.<\/p>\n\n\n\n<h2 class=\"wp-block-heading\"><strong>Engenharia pr\u00f3pria: a base da efici\u00eancia em montagem el\u00e9trica industrial<\/strong><\/h2>\n\n\n\n<p>Quando a empresa possui <strong>engenharia el\u00e9trica interna<\/strong>, todo o processo \u00e9 integrado \u2014 desde o projeto at\u00e9 a execu\u00e7\u00e3o. Aqui na TEM Montagens, essa integra\u00e7\u00e3o significa <strong>menos retrabalho, mais precis\u00e3o t\u00e9cnica e melhor custo-benef\u00edcio<\/strong>.<\/p>\n\n\n\n<p>Nosso time desenvolve o <strong>projeto el\u00e9trico industrial<\/strong> de forma personalizada, considerando a realidade de cada cliente: pot\u00eancia, layout da planta, automa\u00e7\u00e3o e requisitos de seguran\u00e7a.<\/p>\n\n\n\n<p>Conseguimos prever gargalos e otimizar cada etapa antes mesmo de iniciar a montagem, o que resulta em <strong>instala\u00e7\u00f5es mais seguras e produtivas<\/strong>.<\/p>\n\n\n\n<ul class=\"wp-block-list\">\n<li><a href=\"https:\/\/www.temmontagens.com.br\/blog\/banco-de-capacitor-automatico\/por-que-o-banco-de-capacitor-automatico-e-fundamental-em-sistemas-eletricos\/\">Por que o banco de capacitor autom\u00e1tico \u00e9 fundamental em sistemas el\u00e9tricos?<\/a><\/li>\n<\/ul>\n\n\n\n<h2 class=\"wp-block-heading\"><strong>Seguran\u00e7a e conformidade t\u00e9cnica garantidas<\/strong><\/h2>\n\n\n\n<p>A seguran\u00e7a \u00e9 um dos pilares do nosso trabalho. Todas as <strong>montagens el\u00e9tricas industriais<\/strong> realizadas pela TEM seguem rigorosamente normas nacionais e internacionais, como <strong>NR-10, NR-12 e IEC 60439<\/strong>.<\/p>\n\n\n\n<p>Essa padroniza\u00e7\u00e3o garante que os <strong>pain\u00e9is el\u00e9tricos e quadros de baixa tens\u00e3o<\/strong> entreguem desempenho m\u00e1ximo com total prote\u00e7\u00e3o aos operadores e ao ambiente industrial.<\/p>\n\n\n\n<p>Outro diferencial \u00e9 o controle t\u00e9cnico cont\u00ednuo da equipe de engenharia durante a execu\u00e7\u00e3o. Isso significa que <strong>cada conex\u00e3o, disjuntor e sistema de automa\u00e7\u00e3o<\/strong> \u00e9 validado por engenheiros experientes \u2014 reduzindo riscos de falhas e paradas inesperadas.<\/p>\n\n\n\n<ul class=\"wp-block-list\">\n<li><a href=\"https:\/\/www.temmontagens.com.br\/blog\/instalacoes-eletricas-industriais\/qual-a-importancia-da-instalacao-eletrica-de-baixa-tensao\/\">Qual a import\u00e2ncia da instala\u00e7\u00e3o el\u00e9trica de baixa tens\u00e3o?<\/a><\/li>\n<\/ul>\n\n\n\n<h2 class=\"wp-block-heading\"><strong>Personaliza\u00e7\u00e3o e inova\u00e7\u00e3o em cada projeto<\/strong><\/h2>\n\n\n\n<p>Uma empresa com engenharia pr\u00f3pria tem liberdade para inovar e adaptar cada solu\u00e7\u00e3o \u00e0s necessidades espec\u00edficas de seu cliente.<\/p>\n\n\n\n<p>Na TEM Montagens, desenvolvemos <strong>pain\u00e9is e quadros el\u00e9tricos sob medida<\/strong>, integrando <strong>automa\u00e7\u00e3o industrial CLP<\/strong>, sistemas de <strong>comando e for\u00e7a<\/strong>, e <strong>distribui\u00e7\u00e3o de energia em baixa tens\u00e3o<\/strong>.<\/p>\n\n\n\n<p>Essa flexibilidade nos permite atuar em diferentes segmentos industriais \u2014 aliment\u00edcio, farmac\u00eautico, metal\u00fargico, entre outros \u2014 sempre entregando <strong>solu\u00e7\u00f5es otimizadas para efici\u00eancia energ\u00e9tica e produtividade<\/strong>.<\/p>\n\n\n\n<p>Cada projeto \u00e9 \u00fanico, e \u00e9 por isso que acreditamos que o diferencial est\u00e1 na capacidade de pensar <strong>al\u00e9m da montagem<\/strong>, oferecendo um pacote completo de <strong>projeto, execu\u00e7\u00e3o e suporte t\u00e9cnico<\/strong>.<\/p>\n\n\n\n<ul class=\"wp-block-list\">\n<li><a href=\"https:\/\/www.temmontagens.com.br\/blog\/painel-de-comando-industrial\/painel-de-comando-para-bomba-o-que-e-e-para-o-que-serve\/\">Painel de comando para bomba: o que \u00e9 e para o que serve?<\/a><\/li>\n<\/ul>\n\n\n\n<h2 class=\"wp-block-heading\"><strong>Redu\u00e7\u00e3o de custos e prazos otimizados<\/strong><\/h2>\n\n\n\n<p>Outro benef\u00edcio direto da <strong>engenharia integrada<\/strong> \u00e9 o ganho em <strong>efici\u00eancia operacional<\/strong>. Quando a equipe de engenharia e o time de montagem trabalham lado a lado, evitam-se retrabalhos, atrasos e custos desnecess\u00e1rios.<\/p>\n\n\n\n<p>Na pr\u00e1tica, isso significa <strong>menor tempo de parada de produ\u00e7\u00e3o<\/strong> e <strong>instala\u00e7\u00f5es prontas para operar em menos tempo<\/strong>, sem abrir m\u00e3o da qualidade.<\/p>\n\n\n\n<p>Com processos padronizados e equipamentos de alta tecnologia, conseguimos entregar solu\u00e7\u00f5es completas com <strong>excelente rela\u00e7\u00e3o custo-benef\u00edcio<\/strong> \u2014 um dos grandes diferenciais da TEM Montagens no mercado nacional.<\/p>\n\n\n\n<h2 class=\"wp-block-heading\"><strong>Experi\u00eancia, qualidade e confian\u00e7a TEM Montagens<\/strong><\/h2>\n\n\n\n<p>H\u00e1 anos no setor el\u00e9trico, a <strong>TEM Montagens<\/strong> se consolidou como refer\u00eancia em <strong>projetos e montagens el\u00e9tricas industriais<\/strong> de alta performance.<\/p>\n\n\n\n<p>Nosso compromisso vai al\u00e9m da execu\u00e7\u00e3o: trabalhamos lado a lado com nossos clientes para <strong>garantir confiabilidade, efici\u00eancia e seguran\u00e7a em cada detalhe<\/strong>.<\/p>\n\n\n\n<p>De <strong>quadros gerais de baixa tens\u00e3o<\/strong> a <strong>projetos de automa\u00e7\u00e3o industrial<\/strong>, entregamos solu\u00e7\u00f5es completas que respeitam normas, prazos e objetivos operacionais.<\/p>\n\n\n\n<p>Escolher uma empresa com <strong>engenharia pr\u00f3pria<\/strong> \u00e9 investir em tranquilidade e resultados duradouros \u2014 e \u00e9 exatamente isso que oferecemos a voc\u00ea.<\/p>\n\n\n\n<h2 class=\"wp-block-heading\"><strong>Engenharia pr\u00f3pria \u00e9 sin\u00f4nimo de seguran\u00e7a e desempenho<\/strong><\/h2>\n\n\n\n<p>Contratar uma empresa com <strong>engenharia el\u00e9trica pr\u00f3pria<\/strong> n\u00e3o \u00e9 apenas uma escolha t\u00e9cnica \u2014 \u00e9 uma decis\u00e3o estrat\u00e9gica. \u00c9 o que garante que seu sistema el\u00e9trico industrial seja <strong>eficiente, seguro e preparado para o futuro<\/strong>.<\/p>\n\n\n\n<p>Na <strong>TEM Montagens<\/strong>, unimos engenharia, tecnologia e experi\u00eancia para oferecer o melhor em <strong>montagem el\u00e9trica industrial<\/strong> e <strong>automa\u00e7\u00e3o<\/strong>.<\/p>\n\n\n\n<p>Se voc\u00ea busca <strong>seguran\u00e7a em instala\u00e7\u00f5es industriais<\/strong>, prazos confi\u00e1veis e atendimento especializado, <strong>fale conosco<\/strong>. Nossa equipe est\u00e1 pronta para desenvolver um projeto sob medida para sua empresa.<\/p>\n","protected":false},"excerpt":{"rendered":"<p>Descubra como uma empresa com engenharia pr\u00f3pria garante mais seguran\u00e7a, efici\u00eancia e personaliza\u00e7\u00e3o na montagem el\u00e9trica industrial. Na TEM Montagens, acreditamos que uma instala\u00e7\u00e3o el\u00e9trica industrial segura e eficiente come\u00e7a muito antes dos cabos e pain\u00e9is serem montados. Ela nasce&#8230;<\/p>\n","protected":false},"author":1,"featured_media":128,"comment_status":"open","ping_status":"open","sticky":false,"template":"","format":"standard","meta":{"footnotes":""},"categories":[1136],"tags":[1201,9,1139,1198,19,1140,1189,1183,1187,1191,1188,1192,1180,1185,1193,1186,34,31,1175,1195,1181,37,1184,1177,1190,1173,54,1176,1174,1182,1179,1178,1194,1172,53,26,48,1223,1219,1220,1225,1222,1226,1215,1218,1227,1221,1206,1200,1164,1158,1162,1166,1165,1168,1157,1159,1169,1163,1143,1142,1149,1170,1155,1146,1160,1150,1161,1147,1152,1151,1148,1156,1153,1154,1167,1137,1145,1141,1144,1208,1229,1216,1205,1217,1209,1224,1204,1212,1210,1207,1214,1213,1211,1228,1199,1202,1196,1203,1197,1171,1138],"class_list":["post-136","post","type-post","status-publish","format-standard","has-post-thumbnail","hentry","category-montagem-eletrica","tag-empresa-de-montagem-eletrica","tag-empresa-de-montagem-eletrica-em-baixa-tensao","tag-empresa-de-montagem-eletrica-industrial","tag-fornecedor-de-montagem-eletrica","tag-fornecedor-de-montagem-eletrica-em-baixa-tensao","tag-fornecedor-de-montagem-eletrica-industrial","tag-montagem-eletrica-em-baixa-tensao-em-diadema","tag-montagem-eletrica-em-baixa-tensao-em-guarulhos","tag-montagem-eletrica-em-baixa-tensao-em-jaguare","tag-montagem-eletrica-em-baixa-tensao-em-osasco","tag-montagem-eletrica-em-baixa-tensao-em-perdizes","tag-montagem-eletrica-em-baixa-tensao-em-pinheiros","tag-montagem-eletrica-em-baixa-tensao-em-pompeia","tag-montagem-eletrica-em-baixa-tensao-em-santo-andre","tag-montagem-eletrica-em-baixa-tensao-em-sao-bernardo","tag-montagem-eletrica-em-baixa-tensao-em-sao-caetano","tag-montagem-eletrica-em-baixa-tensao-em-sao-paulo","tag-montagem-eletrica-em-baixa-tensao-em-sp","tag-montagem-eletrica-em-baixa-tensao-na-agua-branca","tag-montagem-eletrica-em-baixa-tensao-na-baixada-santista","tag-montagem-eletrica-em-baixa-tensao-na-freguesia-do-o","tag-montagem-eletrica-em-baixa-tensao-na-lapa","tag-montagem-eletrica-em-baixa-tensao-na-vila-jaguara","tag-montagem-eletrica-em-baixa-tensao-na-vila-romana","tag-montagem-eletrica-em-baixa-tensao-na-vila-yara","tag-montagem-eletrica-em-baixa-tensao-na-zona-leste","tag-montagem-eletrica-em-baixa-tensao-na-zona-norte","tag-montagem-eletrica-em-baixa-tensao-na-zona-oeste","tag-montagem-eletrica-em-baixa-tensao-na-zona-sul","tag-montagem-eletrica-em-baixa-tensao-no-abc","tag-montagem-eletrica-em-baixa-tensao-no-alto-da-lapa","tag-montagem-eletrica-em-baixa-tensao-no-centro","tag-montagem-eletrica-em-baixa-tensao-no-imirim","tag-montagem-eletrica-em-baixa-tensao-onde-encontrar","tag-montagem-eletrica-em-baixa-tensao-perto-de-mim","tag-montagem-eletrica-em-baixa-tensao-preco","tag-montagem-eletrica-em-baixa-tensao-proximo-a-mim","tag-montagem-eletrica-em-diadema","tag-montagem-eletrica-em-guarulhos","tag-montagem-eletrica-em-jaguare","tag-montagem-eletrica-em-osasco","tag-montagem-eletrica-em-perdizes","tag-montagem-eletrica-em-pinheiros","tag-montagem-eletrica-em-pompeia","tag-montagem-eletrica-em-santo-andre","tag-montagem-eletrica-em-sao-bernardo","tag-montagem-eletrica-em-sao-caetano","tag-montagem-eletrica-em-sao-paulo","tag-montagem-eletrica-em-sp","tag-montagem-eletrica-industrial-em-diadema","tag-montagem-eletrica-industrial-em-guarulhos","tag-montagem-eletrica-industrial-em-jaguare","tag-montagem-eletrica-industrial-em-osasco","tag-montagem-eletrica-industrial-em-perdizes","tag-montagem-eletrica-industrial-em-pinheiros","tag-montagem-eletrica-industrial-em-pompeia","tag-montagem-eletrica-industrial-em-santo-andre","tag-montagem-eletrica-industrial-em-sao-bernardo","tag-montagem-eletrica-industrial-em-sao-caetano","tag-montagem-eletrica-industrial-em-sao-paulo","tag-montagem-eletrica-industrial-em-sp","tag-montagem-eletrica-industrial-na-agua-branca","tag-montagem-eletrica-industrial-na-baixada-santista","tag-montagem-eletrica-industrial-na-freguesia-do-o","tag-montagem-eletrica-industrial-na-lapa","tag-montagem-eletrica-industrial-na-vila-jaguara","tag-montagem-eletrica-industrial-na-vila-romana","tag-montagem-eletrica-industrial-na-vila-yara","tag-montagem-eletrica-industrial-na-zona-leste","tag-montagem-eletrica-industrial-na-zona-norte","tag-montagem-eletrica-industrial-na-zona-oeste","tag-montagem-eletrica-industrial-na-zona-sul","tag-montagem-eletrica-industrial-no-abc","tag-montagem-eletrica-industrial-no-alto-da-lapa","tag-montagem-eletrica-industrial-no-centro","tag-montagem-eletrica-industrial-no-imirim","tag-montagem-eletrica-industrial-onde-encontrar","tag-montagem-eletrica-industrial-perto-de-mim","tag-montagem-eletrica-industrial-preco","tag-montagem-eletrica-industrial-proximo-a-mim","tag-montagem-eletrica-na-agua-branca","tag-montagem-eletrica-na-baixada-santista","tag-montagem-eletrica-na-freguesia-do-o","tag-montagem-eletrica-na-lapa","tag-montagem-eletrica-na-vila-jaguara","tag-montagem-eletrica-na-vila-romana","tag-montagem-eletrica-na-vila-yara","tag-montagem-eletrica-na-zona-leste","tag-montagem-eletrica-na-zona-norte","tag-montagem-eletrica-na-zona-oeste","tag-montagem-eletrica-na-zona-sul","tag-montagem-eletrica-no-abc","tag-montagem-eletrica-no-alto-da-lapa","tag-montagem-eletrica-no-centro","tag-montagem-eletrica-no-imirim","tag-montagem-eletrica-onde-encontrar","tag-montagem-eletrica-perto-de-mim","tag-montagem-eletrica-preco","tag-montagem-eletrica-proximo-a-mim","tag-servico-de-montagem-eletrica","tag-servico-de-montagem-eletrica-em-baixa-tensao","tag-servico-de-montagem-eletrica-industrial"],"yoast_head":"<!-- This site is optimized with the Yoast SEO plugin v21.6 - https:\/\/yoast.com\/wordpress\/plugins\/seo\/ -->\n<title>Montagem el\u00e9trica industrial: por que contratar uma empresa com engenharia pr\u00f3pria faz diferen\u00e7a<\/title>\n<meta name=\"description\" content=\"Descubra como uma empresa com engenharia pr\u00f3pria garante mais seguran\u00e7a, efici\u00eancia e personaliza\u00e7\u00e3o na montagem el\u00e9trica industrial.\" \/>\n<meta name=\"robots\" content=\"index, follow, max-snippet:-1, max-image-preview:large, max-video-preview:-1\" \/>\n<link rel=\"canonical\" href=\"https:\/\/www.temmontagens.com.br\/blog\/montagem-eletrica\/montagem-eletrica-industrial-por-que-contratar-uma-empresa-com-engenharia-propria-faz-diferenca\/\" \/>\n<meta property=\"og:locale\" content=\"pt_BR\" \/>\n<meta property=\"og:type\" content=\"article\" \/>\n<meta property=\"og:title\" content=\"Montagem el\u00e9trica industrial: por que contratar uma empresa com engenharia pr\u00f3pria faz diferen\u00e7a\" \/>\n<meta property=\"og:description\" content=\"Descubra como uma empresa com engenharia pr\u00f3pria garante mais seguran\u00e7a, efici\u00eancia e personaliza\u00e7\u00e3o na montagem el\u00e9trica industrial.\" \/>\n<meta property=\"og:url\" content=\"https:\/\/www.temmontagens.com.br\/blog\/montagem-eletrica\/montagem-eletrica-industrial-por-que-contratar-uma-empresa-com-engenharia-propria-faz-diferenca\/\" \/>\n<meta property=\"og:site_name\" content=\"Tem Montagens\" \/>\n<meta property=\"article:published_time\" content=\"2025-10-20T17:51:49+00:00\" \/>\n<meta property=\"article:modified_time\" content=\"2025-10-20T17:52:09+00:00\" \/>\n<meta property=\"og:image\" content=\"https:\/\/www.temmontagens.com.br\/blog\/wp-content\/uploads\/2025\/08\/baixa-tensao.jpeg\" \/>\n\t<meta property=\"og:image:width\" content=\"800\" \/>\n\t<meta property=\"og:image:height\" content=\"500\" \/>\n\t<meta property=\"og:image:type\" content=\"image\/jpeg\" \/>\n<meta name=\"author\" content=\"admin\" \/>\n<meta name=\"twitter:card\" content=\"summary_large_image\" \/>\n<meta name=\"twitter:label1\" content=\"Escrito por\" \/>\n\t<meta name=\"twitter:data1\" content=\"admin\" \/>\n\t<meta name=\"twitter:label2\" content=\"Est. tempo de leitura\" \/>\n\t<meta name=\"twitter:data2\" content=\"4 minutos\" \/>\n<script type=\"application\/ld+json\" class=\"yoast-schema-graph\">{\"@context\":\"https:\/\/schema.org\",\"@graph\":[{\"@type\":\"Article\",\"@id\":\"https:\/\/www.temmontagens.com.br\/blog\/montagem-eletrica\/montagem-eletrica-industrial-por-que-contratar-uma-empresa-com-engenharia-propria-faz-diferenca\/#article\",\"isPartOf\":{\"@id\":\"https:\/\/www.temmontagens.com.br\/blog\/montagem-eletrica\/montagem-eletrica-industrial-por-que-contratar-uma-empresa-com-engenharia-propria-faz-diferenca\/\"},\"author\":{\"name\":\"admin\",\"@id\":\"https:\/\/www.temmontagens.com.br\/blog\/#\/schema\/person\/f2a44ace5b6fdc61221c8bfb036f6169\"},\"headline\":\"Montagem el\u00e9trica industrial: por que contratar uma empresa com engenharia pr\u00f3pria faz diferen\u00e7a\",\"datePublished\":\"2025-10-20T17:51:49+00:00\",\"dateModified\":\"2025-10-20T17:52:09+00:00\",\"mainEntityOfPage\":{\"@id\":\"https:\/\/www.temmontagens.com.br\/blog\/montagem-eletrica\/montagem-eletrica-industrial-por-que-contratar-uma-empresa-com-engenharia-propria-faz-diferenca\/\"},\"wordCount\":817,\"commentCount\":0,\"publisher\":{\"@id\":\"https:\/\/www.temmontagens.com.br\/blog\/#organization\"},\"keywords\":[\"empresa de montagem el\u00e9trica\",\"empresa de montagem el\u00e9trica em baixa tens\u00e3o\",\"empresa de montagem el\u00e9trica industrial\",\"fornecedor de montagem el\u00e9trica\",\"fornecedor de montagem el\u00e9trica em baixa tens\u00e3o\",\"fornecedor de montagem el\u00e9trica industrial\",\"montagem el\u00e9trica em baixa tens\u00e3o em Diadema\",\"montagem el\u00e9trica em baixa tens\u00e3o em Guarulhos\",\"montagem el\u00e9trica em baixa tens\u00e3o em Jaguar\u00e9\",\"montagem el\u00e9trica em baixa tens\u00e3o em Osasco\",\"montagem el\u00e9trica em baixa tens\u00e3o em Perdizes\",\"montagem el\u00e9trica em baixa tens\u00e3o em Pinheiros\",\"montagem el\u00e9trica em baixa tens\u00e3o em Pompeia\",\"montagem el\u00e9trica em baixa tens\u00e3o em Santo Andr\u00e9\",\"montagem el\u00e9trica em baixa tens\u00e3o em S\u00e3o Bernardo\",\"montagem el\u00e9trica em baixa tens\u00e3o em S\u00e3o Caetano\",\"montagem el\u00e9trica em baixa tens\u00e3o em s\u00e3o paulo\",\"montagem el\u00e9trica em baixa tens\u00e3o em sp\",\"montagem el\u00e9trica em baixa tens\u00e3o na \u00c1gua Branca\",\"montagem el\u00e9trica em baixa tens\u00e3o na baixada santista\",\"montagem el\u00e9trica em baixa tens\u00e3o na Freguesia do \u00d3\",\"montagem el\u00e9trica em baixa tens\u00e3o na Lapa\",\"montagem el\u00e9trica em baixa tens\u00e3o na Vila Jaguar\u00e1\",\"montagem el\u00e9trica em baixa tens\u00e3o na Vila Romana\",\"montagem el\u00e9trica em baixa tens\u00e3o na Vila Yara\",\"montagem el\u00e9trica em baixa tens\u00e3o na zona leste\",\"montagem el\u00e9trica em baixa tens\u00e3o na Zona Norte\",\"montagem el\u00e9trica em baixa tens\u00e3o na zona oeste\",\"montagem el\u00e9trica em baixa tens\u00e3o na zona sul\",\"montagem el\u00e9trica em baixa tens\u00e3o no ABC\",\"montagem el\u00e9trica em baixa tens\u00e3o no Alto da Lapa\",\"montagem el\u00e9trica em baixa tens\u00e3o no centro\",\"montagem el\u00e9trica em baixa tens\u00e3o no Imirim\",\"montagem el\u00e9trica em baixa tens\u00e3o onde encontrar\",\"montagem el\u00e9trica em baixa tens\u00e3o perto de mim\",\"montagem el\u00e9trica em baixa tens\u00e3o pre\u00e7o\",\"montagem el\u00e9trica em baixa tens\u00e3o pr\u00f3ximo a mim\",\"montagem el\u00e9trica em Diadema\",\"montagem el\u00e9trica em Guarulhos\",\"montagem el\u00e9trica em Jaguar\u00e9\",\"montagem el\u00e9trica em Osasco\",\"montagem el\u00e9trica em Perdizes\",\"montagem el\u00e9trica em Pinheiros\",\"montagem el\u00e9trica em Pompeia\",\"montagem el\u00e9trica em Santo Andr\u00e9\",\"montagem el\u00e9trica em S\u00e3o Bernardo\",\"montagem el\u00e9trica em S\u00e3o Caetano\",\"montagem el\u00e9trica em s\u00e3o paulo\",\"montagem el\u00e9trica em sp\",\"montagem el\u00e9trica industrial em Diadema\",\"montagem el\u00e9trica industrial em Guarulhos\",\"montagem el\u00e9trica industrial em Jaguar\u00e9\",\"montagem el\u00e9trica industrial em Osasco\",\"montagem el\u00e9trica industrial em Perdizes\",\"montagem el\u00e9trica industrial em Pinheiros\",\"montagem el\u00e9trica industrial em Pompeia\",\"montagem el\u00e9trica industrial em Santo Andr\u00e9\",\"montagem el\u00e9trica industrial em S\u00e3o Bernardo\",\"montagem el\u00e9trica industrial em S\u00e3o Caetano\",\"montagem el\u00e9trica industrial em s\u00e3o paulo\",\"montagem el\u00e9trica industrial em sp\",\"montagem el\u00e9trica industrial na \u00c1gua Branca\",\"montagem el\u00e9trica industrial na baixada santista\",\"montagem el\u00e9trica industrial na Freguesia do \u00d3\",\"montagem el\u00e9trica industrial na Lapa\",\"montagem el\u00e9trica industrial na Vila Jaguar\u00e1\",\"montagem el\u00e9trica industrial na Vila Romana\",\"montagem el\u00e9trica industrial na Vila Yara\",\"montagem el\u00e9trica industrial na zona leste\",\"montagem el\u00e9trica industrial na zona norte\",\"montagem el\u00e9trica industrial na zona oeste\",\"montagem el\u00e9trica industrial na zona sul\",\"montagem el\u00e9trica industrial no ABC\",\"montagem el\u00e9trica industrial no Alto da Lapa\",\"montagem el\u00e9trica industrial no centro\",\"montagem el\u00e9trica industrial no Imirim\",\"montagem el\u00e9trica industrial onde encontrar\",\"montagem el\u00e9trica industrial perto de mim\",\"montagem el\u00e9trica industrial pre\u00e7o\",\"montagem el\u00e9trica industrial pr\u00f3ximo a mim\",\"montagem el\u00e9trica na \u00c1gua Branca\",\"montagem el\u00e9trica na baixada santista\",\"montagem el\u00e9trica na Freguesia do \u00d3\",\"montagem el\u00e9trica na Lapa\",\"montagem el\u00e9trica na Vila Jaguar\u00e1\",\"montagem el\u00e9trica na Vila Romana\",\"montagem el\u00e9trica na Vila Yara\",\"montagem el\u00e9trica na zona leste\",\"montagem el\u00e9trica na zona norte\",\"montagem el\u00e9trica na zona oeste\",\"montagem el\u00e9trica na zona sul\",\"montagem el\u00e9trica no ABC\",\"montagem el\u00e9trica no Alto da Lapa\",\"montagem el\u00e9trica no centro\",\"montagem el\u00e9trica no Imirim\",\"montagem el\u00e9trica onde encontrar\",\"montagem el\u00e9trica perto de mim\",\"montagem el\u00e9trica pre\u00e7o\",\"montagem el\u00e9trica pr\u00f3ximo a mim\",\"servi\u00e7o de montagem el\u00e9trica\",\"servi\u00e7o de montagem el\u00e9trica em baixa tens\u00e3o\",\"servi\u00e7o de montagem el\u00e9trica industrial\"],\"articleSection\":[\"Montagem el\u00e9trica\"],\"inLanguage\":\"pt-BR\",\"potentialAction\":[{\"@type\":\"CommentAction\",\"name\":\"Comment\",\"target\":[\"https:\/\/www.temmontagens.com.br\/blog\/montagem-eletrica\/montagem-eletrica-industrial-por-que-contratar-uma-empresa-com-engenharia-propria-faz-diferenca\/#respond\"]}]},{\"@type\":\"WebPage\",\"@id\":\"https:\/\/www.temmontagens.com.br\/blog\/montagem-eletrica\/montagem-eletrica-industrial-por-que-contratar-uma-empresa-com-engenharia-propria-faz-diferenca\/\",\"url\":\"https:\/\/www.temmontagens.com.br\/blog\/montagem-eletrica\/montagem-eletrica-industrial-por-que-contratar-uma-empresa-com-engenharia-propria-faz-diferenca\/\",\"name\":\"Montagem el\u00e9trica industrial: por que contratar uma empresa com engenharia pr\u00f3pria faz diferen\u00e7a\",\"isPartOf\":{\"@id\":\"https:\/\/www.temmontagens.com.br\/blog\/#website\"},\"datePublished\":\"2025-10-20T17:51:49+00:00\",\"dateModified\":\"2025-10-20T17:52:09+00:00\",\"description\":\"Descubra como uma empresa com engenharia pr\u00f3pria garante mais seguran\u00e7a, efici\u00eancia e personaliza\u00e7\u00e3o na montagem el\u00e9trica industrial.\",\"breadcrumb\":{\"@id\":\"https:\/\/www.temmontagens.com.br\/blog\/montagem-eletrica\/montagem-eletrica-industrial-por-que-contratar-uma-empresa-com-engenharia-propria-faz-diferenca\/#breadcrumb\"},\"inLanguage\":\"pt-BR\",\"potentialAction\":[{\"@type\":\"ReadAction\",\"target\":[\"https:\/\/www.temmontagens.com.br\/blog\/montagem-eletrica\/montagem-eletrica-industrial-por-que-contratar-uma-empresa-com-engenharia-propria-faz-diferenca\/\"]}]},{\"@type\":\"BreadcrumbList\",\"@id\":\"https:\/\/www.temmontagens.com.br\/blog\/montagem-eletrica\/montagem-eletrica-industrial-por-que-contratar-uma-empresa-com-engenharia-propria-faz-diferenca\/#breadcrumb\",\"itemListElement\":[{\"@type\":\"ListItem\",\"position\":1,\"name\":\"In\u00edcio\",\"item\":\"https:\/\/www.temmontagens.com.br\/blog\/\"},{\"@type\":\"ListItem\",\"position\":2,\"name\":\"Montagem el\u00e9trica industrial: por que contratar uma empresa com engenharia pr\u00f3pria faz diferen\u00e7a\"}]},{\"@type\":\"WebSite\",\"@id\":\"https:\/\/www.temmontagens.com.br\/blog\/#website\",\"url\":\"https:\/\/www.temmontagens.com.br\/blog\/\",\"name\":\"Tem Montagens\",\"description\":\"\",\"publisher\":{\"@id\":\"https:\/\/www.temmontagens.com.br\/blog\/#organization\"},\"potentialAction\":[{\"@type\":\"SearchAction\",\"target\":{\"@type\":\"EntryPoint\",\"urlTemplate\":\"https:\/\/www.temmontagens.com.br\/blog\/?s={search_term_string}\"},\"query-input\":\"required name=search_term_string\"}],\"inLanguage\":\"pt-BR\"},{\"@type\":\"Organization\",\"@id\":\"https:\/\/www.temmontagens.com.br\/blog\/#organization\",\"name\":\"Tem Montagens\",\"url\":\"https:\/\/www.temmontagens.com.br\/blog\/\",\"logo\":{\"@type\":\"ImageObject\",\"inLanguage\":\"pt-BR\",\"@id\":\"https:\/\/www.temmontagens.com.br\/blog\/#\/schema\/logo\/image\/\",\"url\":\"https:\/\/www.temmontagens.com.br\/blog\/wp-content\/uploads\/2023\/10\/logo-1.jpg\",\"contentUrl\":\"https:\/\/www.temmontagens.com.br\/blog\/wp-content\/uploads\/2023\/10\/logo-1.jpg\",\"width\":184,\"height\":158,\"caption\":\"Tem Montagens\"},\"image\":{\"@id\":\"https:\/\/www.temmontagens.com.br\/blog\/#\/schema\/logo\/image\/\"}},{\"@type\":\"Person\",\"@id\":\"https:\/\/www.temmontagens.com.br\/blog\/#\/schema\/person\/f2a44ace5b6fdc61221c8bfb036f6169\",\"name\":\"admin\",\"image\":{\"@type\":\"ImageObject\",\"inLanguage\":\"pt-BR\",\"@id\":\"https:\/\/www.temmontagens.com.br\/blog\/#\/schema\/person\/image\/\",\"url\":\"https:\/\/secure.gravatar.com\/avatar\/3813f53848958b8842eeafda91666185a90010f65ed554379b78794cde6f234a?s=96&d=mm&r=g\",\"contentUrl\":\"https:\/\/secure.gravatar.com\/avatar\/3813f53848958b8842eeafda91666185a90010f65ed554379b78794cde6f234a?s=96&d=mm&r=g\",\"caption\":\"admin\"},\"sameAs\":[\"https:\/\/www.temmontagens.com.br\/blog\"],\"url\":\"https:\/\/www.temmontagens.com.br\/blog\/author\/admin\/\"}]}<\/script>\n<!-- \/ Yoast SEO plugin. -->","yoast_head_json":{"title":"Montagem el\u00e9trica industrial: por que contratar uma empresa com engenharia pr\u00f3pria faz diferen\u00e7a","description":"Descubra como uma empresa com engenharia pr\u00f3pria garante mais seguran\u00e7a, efici\u00eancia e personaliza\u00e7\u00e3o na montagem el\u00e9trica industrial.","robots":{"index":"index","follow":"follow","max-snippet":"max-snippet:-1","max-image-preview":"max-image-preview:large","max-video-preview":"max-video-preview:-1"},"canonical":"https:\/\/www.temmontagens.com.br\/blog\/montagem-eletrica\/montagem-eletrica-industrial-por-que-contratar-uma-empresa-com-engenharia-propria-faz-diferenca\/","og_locale":"pt_BR","og_type":"article","og_title":"Montagem el\u00e9trica industrial: por que contratar uma empresa com engenharia pr\u00f3pria faz diferen\u00e7a","og_description":"Descubra como uma empresa com engenharia pr\u00f3pria garante mais seguran\u00e7a, efici\u00eancia e personaliza\u00e7\u00e3o na montagem el\u00e9trica industrial.","og_url":"https:\/\/www.temmontagens.com.br\/blog\/montagem-eletrica\/montagem-eletrica-industrial-por-que-contratar-uma-empresa-com-engenharia-propria-faz-diferenca\/","og_site_name":"Tem Montagens","article_published_time":"2025-10-20T17:51:49+00:00","article_modified_time":"2025-10-20T17:52:09+00:00","og_image":[{"width":800,"height":500,"url":"https:\/\/www.temmontagens.com.br\/blog\/wp-content\/uploads\/2025\/08\/baixa-tensao.jpeg","type":"image\/jpeg"}],"author":"admin","twitter_card":"summary_large_image","twitter_misc":{"Escrito por":"admin","Est. tempo de leitura":"4 minutos"},"schema":{"@context":"https:\/\/schema.org","@graph":[{"@type":"Article","@id":"https:\/\/www.temmontagens.com.br\/blog\/montagem-eletrica\/montagem-eletrica-industrial-por-que-contratar-uma-empresa-com-engenharia-propria-faz-diferenca\/#article","isPartOf":{"@id":"https:\/\/www.temmontagens.com.br\/blog\/montagem-eletrica\/montagem-eletrica-industrial-por-que-contratar-uma-empresa-com-engenharia-propria-faz-diferenca\/"},"author":{"name":"admin","@id":"https:\/\/www.temmontagens.com.br\/blog\/#\/schema\/person\/f2a44ace5b6fdc61221c8bfb036f6169"},"headline":"Montagem el\u00e9trica industrial: por que contratar uma empresa com engenharia pr\u00f3pria faz diferen\u00e7a","datePublished":"2025-10-20T17:51:49+00:00","dateModified":"2025-10-20T17:52:09+00:00","mainEntityOfPage":{"@id":"https:\/\/www.temmontagens.com.br\/blog\/montagem-eletrica\/montagem-eletrica-industrial-por-que-contratar-uma-empresa-com-engenharia-propria-faz-diferenca\/"},"wordCount":817,"commentCount":0,"publisher":{"@id":"https:\/\/www.temmontagens.com.br\/blog\/#organization"},"keywords":["empresa de montagem el\u00e9trica","empresa de montagem el\u00e9trica em baixa tens\u00e3o","empresa de montagem el\u00e9trica industrial","fornecedor de montagem el\u00e9trica","fornecedor de montagem el\u00e9trica em baixa tens\u00e3o","fornecedor de montagem el\u00e9trica industrial","montagem el\u00e9trica em baixa tens\u00e3o em Diadema","montagem el\u00e9trica em baixa tens\u00e3o em Guarulhos","montagem el\u00e9trica em baixa tens\u00e3o em Jaguar\u00e9","montagem el\u00e9trica em baixa tens\u00e3o em Osasco","montagem el\u00e9trica em baixa tens\u00e3o em Perdizes","montagem el\u00e9trica em baixa tens\u00e3o em Pinheiros","montagem el\u00e9trica em baixa tens\u00e3o em Pompeia","montagem el\u00e9trica em baixa tens\u00e3o em Santo Andr\u00e9","montagem el\u00e9trica em baixa tens\u00e3o em S\u00e3o Bernardo","montagem el\u00e9trica em baixa tens\u00e3o em S\u00e3o Caetano","montagem el\u00e9trica em baixa tens\u00e3o em s\u00e3o paulo","montagem el\u00e9trica em baixa tens\u00e3o em sp","montagem el\u00e9trica em baixa tens\u00e3o na \u00c1gua Branca","montagem el\u00e9trica em baixa tens\u00e3o na baixada santista","montagem el\u00e9trica em baixa tens\u00e3o na Freguesia do \u00d3","montagem el\u00e9trica em baixa tens\u00e3o na Lapa","montagem el\u00e9trica em baixa tens\u00e3o na Vila Jaguar\u00e1","montagem el\u00e9trica em baixa tens\u00e3o na Vila Romana","montagem el\u00e9trica em baixa tens\u00e3o na Vila Yara","montagem el\u00e9trica em baixa tens\u00e3o na zona leste","montagem el\u00e9trica em baixa tens\u00e3o na Zona Norte","montagem el\u00e9trica em baixa tens\u00e3o na zona oeste","montagem el\u00e9trica em baixa tens\u00e3o na zona sul","montagem el\u00e9trica em baixa tens\u00e3o no ABC","montagem el\u00e9trica em baixa tens\u00e3o no Alto da Lapa","montagem el\u00e9trica em baixa tens\u00e3o no centro","montagem el\u00e9trica em baixa tens\u00e3o no Imirim","montagem el\u00e9trica em baixa tens\u00e3o onde encontrar","montagem el\u00e9trica em baixa tens\u00e3o perto de mim","montagem el\u00e9trica em baixa tens\u00e3o pre\u00e7o","montagem el\u00e9trica em baixa tens\u00e3o pr\u00f3ximo a mim","montagem el\u00e9trica em Diadema","montagem el\u00e9trica em Guarulhos","montagem el\u00e9trica em Jaguar\u00e9","montagem el\u00e9trica em Osasco","montagem el\u00e9trica em Perdizes","montagem el\u00e9trica em Pinheiros","montagem el\u00e9trica em Pompeia","montagem el\u00e9trica em Santo Andr\u00e9","montagem el\u00e9trica em S\u00e3o Bernardo","montagem el\u00e9trica em S\u00e3o Caetano","montagem el\u00e9trica em s\u00e3o paulo","montagem el\u00e9trica em sp","montagem el\u00e9trica industrial em Diadema","montagem el\u00e9trica industrial em Guarulhos","montagem el\u00e9trica industrial em Jaguar\u00e9","montagem el\u00e9trica industrial em Osasco","montagem el\u00e9trica industrial em Perdizes","montagem el\u00e9trica industrial em Pinheiros","montagem el\u00e9trica industrial em Pompeia","montagem el\u00e9trica industrial em Santo Andr\u00e9","montagem el\u00e9trica industrial em S\u00e3o Bernardo","montagem el\u00e9trica industrial em S\u00e3o Caetano","montagem el\u00e9trica industrial em s\u00e3o paulo","montagem el\u00e9trica industrial em sp","montagem el\u00e9trica industrial na \u00c1gua Branca","montagem el\u00e9trica industrial na baixada santista","montagem el\u00e9trica industrial na Freguesia do \u00d3","montagem el\u00e9trica industrial na Lapa","montagem el\u00e9trica industrial na Vila Jaguar\u00e1","montagem el\u00e9trica industrial na Vila Romana","montagem el\u00e9trica industrial na Vila Yara","montagem el\u00e9trica industrial na zona leste","montagem el\u00e9trica industrial na zona norte","montagem el\u00e9trica industrial na zona oeste","montagem el\u00e9trica industrial na zona sul","montagem el\u00e9trica industrial no ABC","montagem el\u00e9trica industrial no Alto da Lapa","montagem el\u00e9trica industrial no centro","montagem el\u00e9trica industrial no Imirim","montagem el\u00e9trica industrial onde encontrar","montagem el\u00e9trica industrial perto de mim","montagem el\u00e9trica industrial pre\u00e7o","montagem el\u00e9trica industrial pr\u00f3ximo a mim","montagem el\u00e9trica na \u00c1gua Branca","montagem el\u00e9trica na baixada santista","montagem el\u00e9trica na Freguesia do \u00d3","montagem el\u00e9trica na Lapa","montagem el\u00e9trica na Vila Jaguar\u00e1","montagem el\u00e9trica na Vila Romana","montagem el\u00e9trica na Vila Yara","montagem el\u00e9trica na zona leste","montagem el\u00e9trica na zona norte","montagem el\u00e9trica na zona oeste","montagem el\u00e9trica na zona sul","montagem el\u00e9trica no ABC","montagem el\u00e9trica no Alto da Lapa","montagem el\u00e9trica no centro","montagem el\u00e9trica no Imirim","montagem el\u00e9trica onde encontrar","montagem el\u00e9trica perto de mim","montagem el\u00e9trica pre\u00e7o","montagem el\u00e9trica pr\u00f3ximo a mim","servi\u00e7o de montagem el\u00e9trica","servi\u00e7o de montagem el\u00e9trica em baixa tens\u00e3o","servi\u00e7o de montagem el\u00e9trica industrial"],"articleSection":["Montagem el\u00e9trica"],"inLanguage":"pt-BR","potentialAction":[{"@type":"CommentAction","name":"Comment","target":["https:\/\/www.temmontagens.com.br\/blog\/montagem-eletrica\/montagem-eletrica-industrial-por-que-contratar-uma-empresa-com-engenharia-propria-faz-diferenca\/#respond"]}]},{"@type":"WebPage","@id":"https:\/\/www.temmontagens.com.br\/blog\/montagem-eletrica\/montagem-eletrica-industrial-por-que-contratar-uma-empresa-com-engenharia-propria-faz-diferenca\/","url":"https:\/\/www.temmontagens.com.br\/blog\/montagem-eletrica\/montagem-eletrica-industrial-por-que-contratar-uma-empresa-com-engenharia-propria-faz-diferenca\/","name":"Montagem el\u00e9trica industrial: por que contratar uma empresa com engenharia pr\u00f3pria faz diferen\u00e7a","isPartOf":{"@id":"https:\/\/www.temmontagens.com.br\/blog\/#website"},"datePublished":"2025-10-20T17:51:49+00:00","dateModified":"2025-10-20T17:52:09+00:00","description":"Descubra como uma empresa com engenharia pr\u00f3pria garante mais seguran\u00e7a, efici\u00eancia e personaliza\u00e7\u00e3o na montagem el\u00e9trica industrial.","breadcrumb":{"@id":"https:\/\/www.temmontagens.com.br\/blog\/montagem-eletrica\/montagem-eletrica-industrial-por-que-contratar-uma-empresa-com-engenharia-propria-faz-diferenca\/#breadcrumb"},"inLanguage":"pt-BR","potentialAction":[{"@type":"ReadAction","target":["https:\/\/www.temmontagens.com.br\/blog\/montagem-eletrica\/montagem-eletrica-industrial-por-que-contratar-uma-empresa-com-engenharia-propria-faz-diferenca\/"]}]},{"@type":"BreadcrumbList","@id":"https:\/\/www.temmontagens.com.br\/blog\/montagem-eletrica\/montagem-eletrica-industrial-por-que-contratar-uma-empresa-com-engenharia-propria-faz-diferenca\/#breadcrumb","itemListElement":[{"@type":"ListItem","position":1,"name":"In\u00edcio","item":"https:\/\/www.temmontagens.com.br\/blog\/"},{"@type":"ListItem","position":2,"name":"Montagem el\u00e9trica industrial: por que contratar uma empresa com engenharia pr\u00f3pria faz diferen\u00e7a"}]},{"@type":"WebSite","@id":"https:\/\/www.temmontagens.com.br\/blog\/#website","url":"https:\/\/www.temmontagens.com.br\/blog\/","name":"Tem Montagens","description":"","publisher":{"@id":"https:\/\/www.temmontagens.com.br\/blog\/#organization"},"potentialAction":[{"@type":"SearchAction","target":{"@type":"EntryPoint","urlTemplate":"https:\/\/www.temmontagens.com.br\/blog\/?s={search_term_string}"},"query-input":"required name=search_term_string"}],"inLanguage":"pt-BR"},{"@type":"Organization","@id":"https:\/\/www.temmontagens.com.br\/blog\/#organization","name":"Tem Montagens","url":"https:\/\/www.temmontagens.com.br\/blog\/","logo":{"@type":"ImageObject","inLanguage":"pt-BR","@id":"https:\/\/www.temmontagens.com.br\/blog\/#\/schema\/logo\/image\/","url":"https:\/\/www.temmontagens.com.br\/blog\/wp-content\/uploads\/2023\/10\/logo-1.jpg","contentUrl":"https:\/\/www.temmontagens.com.br\/blog\/wp-content\/uploads\/2023\/10\/logo-1.jpg","width":184,"height":158,"caption":"Tem Montagens"},"image":{"@id":"https:\/\/www.temmontagens.com.br\/blog\/#\/schema\/logo\/image\/"}},{"@type":"Person","@id":"https:\/\/www.temmontagens.com.br\/blog\/#\/schema\/person\/f2a44ace5b6fdc61221c8bfb036f6169","name":"admin","image":{"@type":"ImageObject","inLanguage":"pt-BR","@id":"https:\/\/www.temmontagens.com.br\/blog\/#\/schema\/person\/image\/","url":"https:\/\/secure.gravatar.com\/avatar\/3813f53848958b8842eeafda91666185a90010f65ed554379b78794cde6f234a?s=96&d=mm&r=g","contentUrl":"https:\/\/secure.gravatar.com\/avatar\/3813f53848958b8842eeafda91666185a90010f65ed554379b78794cde6f234a?s=96&d=mm&r=g","caption":"admin"},"sameAs":["https:\/\/www.temmontagens.com.br\/blog"],"url":"https:\/\/www.temmontagens.com.br\/blog\/author\/admin\/"}]}},"_links":{"self":[{"href":"https:\/\/www.temmontagens.com.br\/blog\/wp-json\/wp\/v2\/posts\/136","targetHints":{"allow":["GET"]}}],"collection":[{"href":"https:\/\/www.temmontagens.com.br\/blog\/wp-json\/wp\/v2\/posts"}],"about":[{"href":"https:\/\/www.temmontagens.com.br\/blog\/wp-json\/wp\/v2\/types\/post"}],"author":[{"embeddable":true,"href":"https:\/\/www.temmontagens.com.br\/blog\/wp-json\/wp\/v2\/users\/1"}],"replies":[{"embeddable":true,"href":"https:\/\/www.temmontagens.com.br\/blog\/wp-json\/wp\/v2\/comments?post=136"}],"version-history":[{"count":2,"href":"https:\/\/www.temmontagens.com.br\/blog\/wp-json\/wp\/v2\/posts\/136\/revisions"}],"predecessor-version":[{"id":139,"href":"https:\/\/www.temmontagens.com.br\/blog\/wp-json\/wp\/v2\/posts\/136\/revisions\/139"}],"wp:featuredmedia":[{"embeddable":true,"href":"https:\/\/www.temmontagens.com.br\/blog\/wp-json\/wp\/v2\/media\/128"}],"wp:attachment":[{"href":"https:\/\/www.temmontagens.com.br\/blog\/wp-json\/wp\/v2\/media?parent=136"}],"wp:term":[{"taxonomy":"category","embeddable":true,"href":"https:\/\/www.temmontagens.com.br\/blog\/wp-json\/wp\/v2\/categories?post=136"},{"taxonomy":"post_tag","embeddable":true,"href":"https:\/\/www.temmontagens.com.br\/blog\/wp-json\/wp\/v2\/tags?post=136"}],"curies":[{"name":"wp","href":"https:\/\/api.w.org\/{rel}","templated":true}]}}