{"id":141,"date":"2025-11-28T11:17:43","date_gmt":"2025-11-28T14:17:43","guid":{"rendered":"https:\/\/www.temmontagens.com.br\/blog\/?p=141"},"modified":"2025-11-28T11:17:55","modified_gmt":"2025-11-28T14:17:55","slug":"como-um-quadro-de-iluminacao-com-automacao-inteligente-reduz-custos-operacionais","status":"publish","type":"post","link":"https:\/\/www.temmontagens.com.br\/blog\/quadro-de-iluminacao\/como-um-quadro-de-iluminacao-com-automacao-inteligente-reduz-custos-operacionais\/","title":{"rendered":"Como um quadro de ilumina\u00e7\u00e3o com automa\u00e7\u00e3o inteligente reduz custos operacionais"},"content":{"rendered":"\n<p class=\"has-medium-font-size\"><strong><em>O quadro de ilumina\u00e7\u00e3o inteligente \u00e9 a chave para a efici\u00eancia energ\u00e9tica. Saiba como a automa\u00e7\u00e3o reduz os custos operacionais de sua ind\u00fastria, galp\u00e3o ou edif\u00edcio comercial.<\/em><\/strong><\/p>\n\n\n\n<p>No cen\u00e1rio atual de intensa competitividade, a <strong>efici\u00eancia operacional<\/strong> deixou de ser um diferencial e se tornou uma <strong>necessidade fundamental<\/strong> para a sobreviv\u00eancia e o crescimento de ind\u00fastrias, galp\u00f5es log\u00edsticos e grandes edif\u00edcios comerciais. Um dos maiores vil\u00f5es do or\u00e7amento \u2014 e frequentemente negligenciado \u2014 \u00e9 o <strong>consumo de energia el\u00e9trica<\/strong> proveniente da ilumina\u00e7\u00e3o.<\/p>\n\n\n\n<p>Para gestores de Manuten\u00e7\u00e3o e Compradores, encarar a conta de luz n\u00e3o \u00e9 apenas uma rotina, mas um desafio constante na busca por <strong>redu\u00e7\u00e3o de custos<\/strong>. \u00c9 nesse ponto que a moderniza\u00e7\u00e3o da infraestrutura de energia se mostra n\u00e3o apenas vi\u00e1vel, mas <strong>estrat\u00e9gica<\/strong>.<\/p>\n\n\n\n<p>A chave para transformar um centro de custos em um polo de economia reside na ado\u00e7\u00e3o de um <strong>quadro de ilumina\u00e7\u00e3o<\/strong> com <strong>automa\u00e7\u00e3o inteligente<\/strong>. Longe de ser apenas uma caixa de disjuntores, ele se configura como o <strong>c\u00e9rebro do sistema<\/strong> que garante que a luz seja utilizada <strong>apenas quando e onde for estritamente necess\u00e1ria<\/strong>, otimizando o uso de recursos e gerando uma <strong>economia significativa a longo prazo<\/strong>.<\/p>\n\n\n\n<h2 class=\"wp-block-heading\"><strong>O quadro de ilumina\u00e7\u00e3o como um centro de efici\u00eancia energ\u00e9tica<\/strong><\/h2>\n\n\n\n<p>A substitui\u00e7\u00e3o de l\u00e2mpadas por modelos mais eficientes, como o LED, \u00e9 um excelente primeiro passo, mas a verdadeira <strong>maximiza\u00e7\u00e3o da economia<\/strong> acontece no <strong>controle inteligente<\/strong> de toda a carga de ilumina\u00e7\u00e3o. \u00c9 aqui que nosso <strong>quadro de ilumina\u00e7\u00e3o<\/strong> entra em a\u00e7\u00e3o.<\/p>\n\n\n\n<p>Um sistema moderno \u00e9 projetado para integrar tecnologias avan\u00e7adas de <strong>automa\u00e7\u00e3o<\/strong>, indo muito al\u00e9m do simples acionamento manual. Isso representa um <strong>salto de controle<\/strong> sobre o consumo.<\/p>\n\n\n\n<h3 class=\"wp-block-heading\"><strong>Sensores, programa\u00e7\u00e3o e o fim do desperd\u00edcio<\/strong><\/h3>\n\n\n\n<p>A <strong>automa\u00e7\u00e3o<\/strong> de um <strong>quadro de ilumina\u00e7\u00e3o<\/strong> pode incorporar diversas funcionalidades:<\/p>\n\n\n\n<ul class=\"wp-block-list\">\n<li><strong>Sensores de presen\u00e7a:<\/strong> Garantem que a ilumina\u00e7\u00e3o de \u00e1reas de passagem, vesti\u00e1rios, estoques e galp\u00f5es s\u00f3 seja acionada quando houver a <strong>detec\u00e7\u00e3o de movimento<\/strong>. Sem pessoas, sem consumo desnecess\u00e1rio.<\/li>\n\n\n\n<li><strong>Fotoc\u00e9lulas (sensores de luminosidade):<\/strong> Permitem o aproveitamento m\u00e1ximo da <strong>luz natural<\/strong>. O sistema monitora constantemente a ilumina\u00e7\u00e3o ambiente e reduz ou desliga automaticamente a ilumina\u00e7\u00e3o artificial quando h\u00e1 luz do dia suficiente.<\/li>\n\n\n\n<li><strong>Programa\u00e7\u00e3o hor\u00e1ria (timers):<\/strong> O acionamento de grandes \u00e1reas pode ser <strong>programado<\/strong> para respeitar a <strong>jornada de trabalho exata<\/strong> ou hor\u00e1rios de pico espec\u00edficos, evitando que a ilumina\u00e7\u00e3o permane\u00e7a ligada por descuido ou esquecimento fora do expediente.<\/li>\n\n\n\n<li><strong>Gest\u00e3o de demanda (Load Shedding):<\/strong> Em sistemas mais complexos, o quadro pode <strong>desligar automaticamente<\/strong> circuitos n\u00e3o essenciais em momentos de pico tarif\u00e1rio, reduzindo a demanda contratada e as despesas com multas por ultrapassagem de pico.<\/li>\n<\/ul>\n\n\n\n<p>Ao eliminar o <strong>desperd\u00edcio<\/strong> e garantir que a energia seja consumida de forma <strong>precisa<\/strong> e <strong>inteligente<\/strong>, o retorno sobre o investimento (ROI) em um <strong>quadro de ilumina\u00e7\u00e3o<\/strong> automatizado \u00e9 not\u00e1vel e se concretiza em um <strong>custo operacional<\/strong> significativamente menor.<\/p>\n\n\n\n<ul class=\"wp-block-list\">\n<li><a href=\"https:\/\/www.temmontagens.com.br\/blog\/montagem-eletrica\/montagem-eletrica-industrial-por-que-contratar-uma-empresa-com-engenharia-propria-faz-diferenca\/\">Montagem el\u00e9trica industrial: por que contratar uma empresa com engenharia pr\u00f3pria faz diferen\u00e7a<\/a><\/li>\n<\/ul>\n\n\n\n<h2 class=\"wp-block-heading\"><strong>Redu\u00e7\u00e3o de despesas al\u00e9m da conta de luz com quadro de ilumina\u00e7\u00e3o<\/strong><\/h2>\n\n\n\n<p>O benef\u00edcio da automa\u00e7\u00e3o n\u00e3o se limita apenas \u00e0 economia direta na fatura de energia. A intelig\u00eancia do <strong>quadro de ilumina\u00e7\u00e3o<\/strong> contribui para a <strong>redu\u00e7\u00e3o de custos operacionais<\/strong> em outras frentes cruciais para a Manuten\u00e7\u00e3o e Compras:<\/p>\n\n\n\n<ul class=\"wp-block-list\">\n<li><strong>Manuten\u00e7\u00e3o Preventiva e Preditiva:<\/strong> Sistemas automatizados permitem o <strong>monitoramento constante<\/strong> do status de cada circuito. Isso facilita a <strong>identifica\u00e7\u00e3o precoce<\/strong> de falhas, sobrecargas ou problemas que poderiam levar a paradas inesperadas (falhas n\u00e3o planejadas), o que \u00e9 car\u00edssimo em ambientes industriais e log\u00edsticos.<\/li>\n\n\n\n<li><strong>Aumento da vida \u00fatil do equipamento:<\/strong> O controle preciso, que evita o acionamento e desligamento constante (ou a perman\u00eancia ligada por longos per\u00edodos desnecess\u00e1rios), <strong>reduz o estresse t\u00e9rmico e el\u00e9trico<\/strong> sobre os componentes e as pr\u00f3prias l\u00e2mpadas, <strong>prolongando sua vida \u00fatil<\/strong> e diminuindo a frequ\u00eancia de substitui\u00e7\u00e3o (custos de compra e m\u00e3o de obra).<\/li>\n\n\n\n<li><strong>Otimiza\u00e7\u00e3o do tempo da equipe:<\/strong> Com a automa\u00e7\u00e3o, a equipe de Manuten\u00e7\u00e3o n\u00e3o precisa mais gastar tempo com inspe\u00e7\u00f5es manuais de rotina para verificar se as luzes est\u00e3o acesas ou apagadas, nem com ajustes de hor\u00e1rios de acionamento. O sistema faz isso de forma <strong>aut\u00f4noma e confi\u00e1vel<\/strong>.<\/li>\n<\/ul>\n\n\n\n<h2 class=\"wp-block-heading\"><strong>A expertise que ilumina seu caminho para a economia<\/strong><\/h2>\n\n\n\n<p>N\u00f3s, da <strong>TEM Montagens<\/strong>, entendemos que a <strong>qualidade<\/strong> e a <strong>confiabilidade<\/strong> de um <strong>quadro de ilumina\u00e7\u00e3o<\/strong> s\u00e3o pilares para a <strong>seguran\u00e7a<\/strong> e a <strong>efici\u00eancia operacional<\/strong> de seu neg\u00f3cio. Nossa hist\u00f3ria \u00e9 constru\u00edda sobre um alicerce de <strong>mais de 20 anos de experi\u00eancia<\/strong> no mercado, focada em fornecer solu\u00e7\u00f5es el\u00e9tricas de ponta para os mais exigentes segmentos.<\/p>\n\n\n\n<p>Somos <strong>especialistas<\/strong> em montar <strong>pain\u00e9is e quadros el\u00e9tricos<\/strong> que v\u00e3o al\u00e9m do padr\u00e3o, incorporando a <strong>tecnologia de automa\u00e7\u00e3o<\/strong> mais avan\u00e7ada para garantir que seu projeto atenda \u00e0 sua busca por <strong>otimiza\u00e7\u00e3o de custos<\/strong>.<\/p>\n\n\n\n<p>Nosso compromisso \u00e9 entregar <strong>solu\u00e7\u00f5es el\u00e9tricas personalizadas<\/strong>, com <strong>excel\u00eancia em acabamento<\/strong> e dentro das mais <strong>rigorosas normas t\u00e9cnicas<\/strong> (como a NR-10 e a NBR-5410). Da elabora\u00e7\u00e3o do projeto \u00e0 montagem final, garantimos que cada <strong>quadro de ilumina\u00e7\u00e3o<\/strong> seja projetado para o <strong>m\u00e1ximo desempenho<\/strong> e a <strong>maior economia de energia<\/strong> para sua ind\u00fastria, galp\u00e3o ou edif\u00edcio.<\/p>\n\n\n\n<p>Nossa experi\u00eancia abrange o fornecimento de <strong>solu\u00e7\u00f5es completas<\/strong>, como quadros de distribui\u00e7\u00e3o, comandos e automa\u00e7\u00e3o, sempre com foco em <strong>seguran\u00e7a<\/strong> e <strong>efici\u00eancia energ\u00e9tica<\/strong> para garantir a <strong>tranquilidade operacional<\/strong> que voc\u00ea e sua equipe merecem.<\/p>\n\n\n\n<ul class=\"wp-block-list\">\n<li><a href=\"https:\/\/www.temmontagens.com.br\/blog\/banco-de-capacitor-automatico\/por-que-o-banco-de-capacitor-automatico-e-fundamental-em-sistemas-eletricos\/\">Por que o banco de capacitor autom\u00e1tico \u00e9 fundamental em sistemas el\u00e9tricos?<\/a><\/li>\n<\/ul>\n\n\n\n<h2 class=\"wp-block-heading\"><strong>Da estrat\u00e9gia \u00e0 economia real: ilumine seu futuro financeiro<\/strong><\/h2>\n\n\n\n<p>A ado\u00e7\u00e3o de um <strong>quadro de ilumina\u00e7\u00e3o<\/strong> com <strong>automa\u00e7\u00e3o inteligente<\/strong> representa um passo decisivo para qualquer gestor que busca <strong>reduzir significativamente os custos operacionais<\/strong> de sua empresa. \u00c9 a transi\u00e7\u00e3o de um sistema passivo, sujeito a erros humanos e desperd\u00edcio, para um <strong>sistema ativo e estrat\u00e9gico<\/strong>, que trabalha 24 horas por dia para <strong>otimizar o consumo de energia<\/strong>.<\/p>\n\n\n\n<p>N\u00e3o permita que o desperd\u00edcio de energia continue pesando no balan\u00e7o de sua opera\u00e7\u00e3o. <strong>Tome uma atitude proativa<\/strong> na gest\u00e3o de seus recursos. Entre em contato conosco hoje mesmo e descubra como podemos projetar e montar o <strong>quadro de ilumina\u00e7\u00e3o<\/strong> ideal, transformando seu centro de custos em um <strong>exemplo de efici\u00eancia<\/strong>.<\/p>\n","protected":false},"excerpt":{"rendered":"<p>O quadro de ilumina\u00e7\u00e3o inteligente \u00e9 a chave para a efici\u00eancia energ\u00e9tica. Saiba como a automa\u00e7\u00e3o reduz os custos operacionais de sua ind\u00fastria, galp\u00e3o ou edif\u00edcio comercial. No cen\u00e1rio atual de intensa competitividade, a efici\u00eancia operacional deixou de ser um&#8230;<\/p>\n","protected":false},"author":1,"featured_media":142,"comment_status":"open","ping_status":"open","sticky":false,"template":"","format":"standard","meta":{"footnotes":""},"categories":[330],"tags":[349,1254,352,1256,337,1248,346,1253,1231,1233,1244,1239,1247,1251,394,1241,1238,1243,1250,1245,367,364,1255,1268,1279,1274,1282,1283,1281,1273,1275,1277,1286,1280,1263,1259,1285,1271,1260,1269,1284,1267,1261,1276,1266,1265,1272,1270,1278,1258,1264,1257,1262,1252,400,373,1237,1249,1235,1232,1240,370,1234,1242,1236,1246,1230,385,361,388],"class_list":["post-141","post","type-post","status-publish","format-standard","has-post-thumbnail","hentry","category-quadro-de-iluminacao","tag-distribuidor-de-quadro-de-iluminacao","tag-distribuidor-de-quadro-de-iluminacao-industrial","tag-distribuidora-de-quadro-de-iluminacao","tag-distribuidora-de-quadro-de-iluminacao-industrial","tag-empresa-de-quadro-de-iluminacao","tag-empresa-de-quadro-de-iluminacao-industrial","tag-fornecedor-de-quadro-de-iluminacao","tag-fornecedor-de-quadro-de-iluminacao-industrial","tag-quadro-de-iluminacao-comprar","tag-quadro-de-iluminacao-em-agua-branca","tag-quadro-de-iluminacao-em-diadema","tag-quadro-de-iluminacao-em-guarulhos","tag-quadro-de-iluminacao-em-jaguare","tag-quadro-de-iluminacao-em-osasco","tag-quadro-de-iluminacao-em-perdizes","tag-quadro-de-iluminacao-em-piqueri","tag-quadro-de-iluminacao-em-pompeia","tag-quadro-de-iluminacao-em-santo-andre","tag-quadro-de-iluminacao-em-sao-bernardo","tag-quadro-de-iluminacao-em-sao-caetano","tag-quadro-de-iluminacao-em-sao-paulo","tag-quadro-de-iluminacao-em-sp","tag-quadro-de-iluminacao-industrial-comprar","tag-quadro-de-iluminacao-industrial-em-agua-branca","tag-quadro-de-iluminacao-industrial-em-diadema","tag-quadro-de-iluminacao-industrial-em-guarulhos","tag-quadro-de-iluminacao-industrial-em-jaguare","tag-quadro-de-iluminacao-industrial-em-osasco","tag-quadro-de-iluminacao-industrial-em-perdizes","tag-quadro-de-iluminacao-industrial-em-piqueri","tag-quadro-de-iluminacao-industrial-em-pompeia","tag-quadro-de-iluminacao-industrial-em-santo-andre","tag-quadro-de-iluminacao-industrial-em-sao-bernardo","tag-quadro-de-iluminacao-industrial-em-sao-caetano","tag-quadro-de-iluminacao-industrial-em-sao-paulo","tag-quadro-de-iluminacao-industrial-em-sp","tag-quadro-de-iluminacao-industrial-na-baixada-santista","tag-quadro-de-iluminacao-industrial-na-freguesia-do-o","tag-quadro-de-iluminacao-industrial-na-lapa","tag-quadro-de-iluminacao-industrial-na-vila-anastacia","tag-quadro-de-iluminacao-industrial-na-vila-jaguara","tag-quadro-de-iluminacao-industrial-na-vila-romana","tag-quadro-de-iluminacao-industrial-na-zona-leste","tag-quadro-de-iluminacao-industrial-na-zona-norte","tag-quadro-de-iluminacao-industrial-na-zona-oeste","tag-quadro-de-iluminacao-industrial-na-zona-sul","tag-quadro-de-iluminacao-industrial-no-abc","tag-quadro-de-iluminacao-industrial-no-centro","tag-quadro-de-iluminacao-industrial-no-limao","tag-quadro-de-iluminacao-industrial-onde-encontrar","tag-quadro-de-iluminacao-industrial-perto-de-mim","tag-quadro-de-iluminacao-industrial-preco","tag-quadro-de-iluminacao-industrial-proximo-a-mim","tag-quadro-de-iluminacao-na-baixada-santista","tag-quadro-de-iluminacao-na-freguesia-do-o","tag-quadro-de-iluminacao-na-lapa","tag-quadro-de-iluminacao-na-vila-anastacia","tag-quadro-de-iluminacao-na-vila-jaguara","tag-quadro-de-iluminacao-na-vila-romana","tag-quadro-de-iluminacao-na-zona-leste","tag-quadro-de-iluminacao-na-zona-norte","tag-quadro-de-iluminacao-na-zona-oeste","tag-quadro-de-iluminacao-na-zona-sul","tag-quadro-de-iluminacao-no-abc","tag-quadro-de-iluminacao-no-centro","tag-quadro-de-iluminacao-no-limao","tag-quadro-de-iluminacao-onde-encontrar","tag-quadro-de-iluminacao-perto-de-mim","tag-quadro-de-iluminacao-preco","tag-quadro-de-iluminacao-proximo-a-mim"],"yoast_head":"<!-- This site is optimized with the Yoast SEO plugin v21.6 - https:\/\/yoast.com\/wordpress\/plugins\/seo\/ -->\n<title>Como um quadro de ilumina\u00e7\u00e3o com automa\u00e7\u00e3o inteligente reduz custos operacionais<\/title>\n<meta name=\"description\" content=\"O quadro de ilumina\u00e7\u00e3o inteligente \u00e9 a chave para a efici\u00eancia energ\u00e9tica. Saiba como a automa\u00e7\u00e3o reduz os custos operacionais de sua ind\u00fastria, galp\u00e3o ou edif\u00edcio comercial.\" \/>\n<meta name=\"robots\" content=\"index, follow, max-snippet:-1, max-image-preview:large, max-video-preview:-1\" \/>\n<link rel=\"canonical\" href=\"https:\/\/www.temmontagens.com.br\/blog\/quadro-de-iluminacao\/como-um-quadro-de-iluminacao-com-automacao-inteligente-reduz-custos-operacionais\/\" \/>\n<meta property=\"og:locale\" content=\"pt_BR\" \/>\n<meta property=\"og:type\" content=\"article\" \/>\n<meta property=\"og:title\" content=\"Como um quadro de ilumina\u00e7\u00e3o com automa\u00e7\u00e3o inteligente reduz custos operacionais\" \/>\n<meta property=\"og:description\" content=\"O quadro de ilumina\u00e7\u00e3o inteligente \u00e9 a chave para a efici\u00eancia energ\u00e9tica. Saiba como a automa\u00e7\u00e3o reduz os custos operacionais de sua ind\u00fastria, galp\u00e3o ou edif\u00edcio comercial.\" \/>\n<meta property=\"og:url\" content=\"https:\/\/www.temmontagens.com.br\/blog\/quadro-de-iluminacao\/como-um-quadro-de-iluminacao-com-automacao-inteligente-reduz-custos-operacionais\/\" \/>\n<meta property=\"og:site_name\" content=\"Tem Montagens\" \/>\n<meta property=\"article:published_time\" content=\"2025-11-28T14:17:43+00:00\" \/>\n<meta property=\"article:modified_time\" content=\"2025-11-28T14:17:55+00:00\" \/>\n<meta property=\"og:image\" content=\"https:\/\/www.temmontagens.com.br\/blog\/wp-content\/uploads\/2025\/11\/23482.jpg\" \/>\n\t<meta property=\"og:image:width\" content=\"1000\" \/>\n\t<meta property=\"og:image:height\" content=\"667\" \/>\n\t<meta property=\"og:image:type\" content=\"image\/jpeg\" \/>\n<meta name=\"author\" content=\"admin\" \/>\n<meta name=\"twitter:card\" content=\"summary_large_image\" \/>\n<meta name=\"twitter:label1\" content=\"Escrito por\" \/>\n\t<meta name=\"twitter:data1\" content=\"admin\" \/>\n\t<meta name=\"twitter:label2\" content=\"Est. tempo de leitura\" \/>\n\t<meta name=\"twitter:data2\" content=\"6 minutos\" \/>\n<script type=\"application\/ld+json\" class=\"yoast-schema-graph\">{\"@context\":\"https:\/\/schema.org\",\"@graph\":[{\"@type\":\"Article\",\"@id\":\"https:\/\/www.temmontagens.com.br\/blog\/quadro-de-iluminacao\/como-um-quadro-de-iluminacao-com-automacao-inteligente-reduz-custos-operacionais\/#article\",\"isPartOf\":{\"@id\":\"https:\/\/www.temmontagens.com.br\/blog\/quadro-de-iluminacao\/como-um-quadro-de-iluminacao-com-automacao-inteligente-reduz-custos-operacionais\/\"},\"author\":{\"name\":\"admin\",\"@id\":\"https:\/\/www.temmontagens.com.br\/blog\/#\/schema\/person\/f2a44ace5b6fdc61221c8bfb036f6169\"},\"headline\":\"Como um quadro de ilumina\u00e7\u00e3o com automa\u00e7\u00e3o inteligente reduz custos operacionais\",\"datePublished\":\"2025-11-28T14:17:43+00:00\",\"dateModified\":\"2025-11-28T14:17:55+00:00\",\"mainEntityOfPage\":{\"@id\":\"https:\/\/www.temmontagens.com.br\/blog\/quadro-de-iluminacao\/como-um-quadro-de-iluminacao-com-automacao-inteligente-reduz-custos-operacionais\/\"},\"wordCount\":1131,\"commentCount\":0,\"publisher\":{\"@id\":\"https:\/\/www.temmontagens.com.br\/blog\/#organization\"},\"keywords\":[\"distribuidor de Quadro de ilumina\u00e7\u00e3o\",\"distribuidor de quadro de ilumina\u00e7\u00e3o industrial\",\"distribuidora de Quadro de ilumina\u00e7\u00e3o\",\"distribuidora de quadro de ilumina\u00e7\u00e3o industrial\",\"empresa de Quadro de ilumina\u00e7\u00e3o\",\"empresa de quadro de ilumina\u00e7\u00e3o industrial\",\"fornecedor de Quadro de ilumina\u00e7\u00e3o\",\"fornecedor de quadro de ilumina\u00e7\u00e3o industrial\",\"quadro de ilumina\u00e7\u00e3o comprar\",\"quadro de ilumina\u00e7\u00e3o em \u00c1gua Branca\",\"quadro de ilumina\u00e7\u00e3o em Diadema\",\"quadro de ilumina\u00e7\u00e3o em Guarulhos\",\"quadro de ilumina\u00e7\u00e3o em Jaguar\u00e9\",\"quadro de ilumina\u00e7\u00e3o em Osasco\",\"Quadro de ilumina\u00e7\u00e3o em Perdizes\",\"quadro de ilumina\u00e7\u00e3o em Piqueri\",\"quadro de ilumina\u00e7\u00e3o em Pompeia\",\"quadro de ilumina\u00e7\u00e3o em Santo Andr\u00e9\",\"quadro de ilumina\u00e7\u00e3o em S\u00e3o Bernardo\",\"quadro de ilumina\u00e7\u00e3o em S\u00e3o Caetano\",\"Quadro de ilumina\u00e7\u00e3o em s\u00e3o paulo\",\"Quadro de ilumina\u00e7\u00e3o em sp\",\"quadro de ilumina\u00e7\u00e3o industrial comprar\",\"quadro de ilumina\u00e7\u00e3o industrial em \u00c1gua Branca\",\"quadro de ilumina\u00e7\u00e3o industrial em Diadema\",\"quadro de ilumina\u00e7\u00e3o industrial em Guarulhos\",\"quadro de ilumina\u00e7\u00e3o industrial em Jaguar\u00e9\",\"quadro de ilumina\u00e7\u00e3o industrial em Osasco\",\"quadro de ilumina\u00e7\u00e3o industrial em Perdizes\",\"quadro de ilumina\u00e7\u00e3o industrial em Piqueri\",\"quadro de ilumina\u00e7\u00e3o industrial em Pompeia\",\"quadro de ilumina\u00e7\u00e3o industrial em Santo Andr\u00e9\",\"quadro de ilumina\u00e7\u00e3o industrial em S\u00e3o Bernardo\",\"quadro de ilumina\u00e7\u00e3o industrial em S\u00e3o Caetano\",\"quadro de ilumina\u00e7\u00e3o industrial em s\u00e3o paulo\",\"quadro de ilumina\u00e7\u00e3o industrial em sp\",\"quadro de ilumina\u00e7\u00e3o industrial na baixada santista\",\"quadro de ilumina\u00e7\u00e3o industrial na Freguesia do \u00d3\",\"quadro de ilumina\u00e7\u00e3o industrial na Lapa\",\"quadro de ilumina\u00e7\u00e3o industrial na Vila Anast\u00e1cia\",\"quadro de ilumina\u00e7\u00e3o industrial na Vila Jaguara\",\"quadro de ilumina\u00e7\u00e3o industrial na Vila Romana\",\"quadro de ilumina\u00e7\u00e3o industrial na zona leste\",\"quadro de ilumina\u00e7\u00e3o industrial na zona norte\",\"quadro de ilumina\u00e7\u00e3o industrial na zona oeste\",\"quadro de ilumina\u00e7\u00e3o industrial na zona sul\",\"quadro de ilumina\u00e7\u00e3o industrial no ABC\",\"quadro de ilumina\u00e7\u00e3o industrial no centro\",\"quadro de ilumina\u00e7\u00e3o industrial no Lim\u00e3o\",\"quadro de ilumina\u00e7\u00e3o industrial onde encontrar\",\"quadro de ilumina\u00e7\u00e3o industrial perto de mim\",\"quadro de ilumina\u00e7\u00e3o industrial pre\u00e7o\",\"quadro de ilumina\u00e7\u00e3o industrial pr\u00f3ximo a mim\",\"quadro de ilumina\u00e7\u00e3o na baixada santista\",\"Quadro de ilumina\u00e7\u00e3o na Freguesia do \u00d3\",\"Quadro de ilumina\u00e7\u00e3o na Lapa\",\"quadro de ilumina\u00e7\u00e3o na Vila Anast\u00e1cia\",\"quadro de ilumina\u00e7\u00e3o na Vila Jaguara\",\"quadro de ilumina\u00e7\u00e3o na Vila Romana\",\"quadro de ilumina\u00e7\u00e3o na zona leste\",\"quadro de ilumina\u00e7\u00e3o na zona norte\",\"Quadro de ilumina\u00e7\u00e3o na zona oeste\",\"quadro de ilumina\u00e7\u00e3o na zona sul\",\"quadro de ilumina\u00e7\u00e3o no ABC\",\"quadro de ilumina\u00e7\u00e3o no centro\",\"quadro de ilumina\u00e7\u00e3o no Lim\u00e3o\",\"quadro de ilumina\u00e7\u00e3o onde encontrar\",\"Quadro de ilumina\u00e7\u00e3o perto de mim\",\"Quadro de ilumina\u00e7\u00e3o pre\u00e7o\",\"Quadro de ilumina\u00e7\u00e3o pr\u00f3ximo a mim\"],\"articleSection\":[\"Quadro de ilumina\u00e7\u00e3o\"],\"inLanguage\":\"pt-BR\",\"potentialAction\":[{\"@type\":\"CommentAction\",\"name\":\"Comment\",\"target\":[\"https:\/\/www.temmontagens.com.br\/blog\/quadro-de-iluminacao\/como-um-quadro-de-iluminacao-com-automacao-inteligente-reduz-custos-operacionais\/#respond\"]}]},{\"@type\":\"WebPage\",\"@id\":\"https:\/\/www.temmontagens.com.br\/blog\/quadro-de-iluminacao\/como-um-quadro-de-iluminacao-com-automacao-inteligente-reduz-custos-operacionais\/\",\"url\":\"https:\/\/www.temmontagens.com.br\/blog\/quadro-de-iluminacao\/como-um-quadro-de-iluminacao-com-automacao-inteligente-reduz-custos-operacionais\/\",\"name\":\"Como um quadro de ilumina\u00e7\u00e3o com automa\u00e7\u00e3o inteligente reduz custos operacionais\",\"isPartOf\":{\"@id\":\"https:\/\/www.temmontagens.com.br\/blog\/#website\"},\"datePublished\":\"2025-11-28T14:17:43+00:00\",\"dateModified\":\"2025-11-28T14:17:55+00:00\",\"description\":\"O quadro de ilumina\u00e7\u00e3o inteligente \u00e9 a chave para a efici\u00eancia energ\u00e9tica. Saiba como a automa\u00e7\u00e3o reduz os custos operacionais de sua ind\u00fastria, galp\u00e3o ou edif\u00edcio comercial.\",\"breadcrumb\":{\"@id\":\"https:\/\/www.temmontagens.com.br\/blog\/quadro-de-iluminacao\/como-um-quadro-de-iluminacao-com-automacao-inteligente-reduz-custos-operacionais\/#breadcrumb\"},\"inLanguage\":\"pt-BR\",\"potentialAction\":[{\"@type\":\"ReadAction\",\"target\":[\"https:\/\/www.temmontagens.com.br\/blog\/quadro-de-iluminacao\/como-um-quadro-de-iluminacao-com-automacao-inteligente-reduz-custos-operacionais\/\"]}]},{\"@type\":\"BreadcrumbList\",\"@id\":\"https:\/\/www.temmontagens.com.br\/blog\/quadro-de-iluminacao\/como-um-quadro-de-iluminacao-com-automacao-inteligente-reduz-custos-operacionais\/#breadcrumb\",\"itemListElement\":[{\"@type\":\"ListItem\",\"position\":1,\"name\":\"In\u00edcio\",\"item\":\"https:\/\/www.temmontagens.com.br\/blog\/\"},{\"@type\":\"ListItem\",\"position\":2,\"name\":\"Como um quadro de ilumina\u00e7\u00e3o com automa\u00e7\u00e3o inteligente reduz custos operacionais\"}]},{\"@type\":\"WebSite\",\"@id\":\"https:\/\/www.temmontagens.com.br\/blog\/#website\",\"url\":\"https:\/\/www.temmontagens.com.br\/blog\/\",\"name\":\"Tem Montagens\",\"description\":\"\",\"publisher\":{\"@id\":\"https:\/\/www.temmontagens.com.br\/blog\/#organization\"},\"potentialAction\":[{\"@type\":\"SearchAction\",\"target\":{\"@type\":\"EntryPoint\",\"urlTemplate\":\"https:\/\/www.temmontagens.com.br\/blog\/?s={search_term_string}\"},\"query-input\":\"required name=search_term_string\"}],\"inLanguage\":\"pt-BR\"},{\"@type\":\"Organization\",\"@id\":\"https:\/\/www.temmontagens.com.br\/blog\/#organization\",\"name\":\"Tem Montagens\",\"url\":\"https:\/\/www.temmontagens.com.br\/blog\/\",\"logo\":{\"@type\":\"ImageObject\",\"inLanguage\":\"pt-BR\",\"@id\":\"https:\/\/www.temmontagens.com.br\/blog\/#\/schema\/logo\/image\/\",\"url\":\"https:\/\/www.temmontagens.com.br\/blog\/wp-content\/uploads\/2023\/10\/logo-1.jpg\",\"contentUrl\":\"https:\/\/www.temmontagens.com.br\/blog\/wp-content\/uploads\/2023\/10\/logo-1.jpg\",\"width\":184,\"height\":158,\"caption\":\"Tem Montagens\"},\"image\":{\"@id\":\"https:\/\/www.temmontagens.com.br\/blog\/#\/schema\/logo\/image\/\"}},{\"@type\":\"Person\",\"@id\":\"https:\/\/www.temmontagens.com.br\/blog\/#\/schema\/person\/f2a44ace5b6fdc61221c8bfb036f6169\",\"name\":\"admin\",\"image\":{\"@type\":\"ImageObject\",\"inLanguage\":\"pt-BR\",\"@id\":\"https:\/\/www.temmontagens.com.br\/blog\/#\/schema\/person\/image\/\",\"url\":\"https:\/\/secure.gravatar.com\/avatar\/3813f53848958b8842eeafda91666185a90010f65ed554379b78794cde6f234a?s=96&d=mm&r=g\",\"contentUrl\":\"https:\/\/secure.gravatar.com\/avatar\/3813f53848958b8842eeafda91666185a90010f65ed554379b78794cde6f234a?s=96&d=mm&r=g\",\"caption\":\"admin\"},\"sameAs\":[\"https:\/\/www.temmontagens.com.br\/blog\"],\"url\":\"https:\/\/www.temmontagens.com.br\/blog\/author\/admin\/\"}]}<\/script>\n<!-- \/ Yoast SEO plugin. -->","yoast_head_json":{"title":"Como um quadro de ilumina\u00e7\u00e3o com automa\u00e7\u00e3o inteligente reduz custos operacionais","description":"O quadro de ilumina\u00e7\u00e3o inteligente \u00e9 a chave para a efici\u00eancia energ\u00e9tica. Saiba como a automa\u00e7\u00e3o reduz os custos operacionais de sua ind\u00fastria, galp\u00e3o ou edif\u00edcio comercial.","robots":{"index":"index","follow":"follow","max-snippet":"max-snippet:-1","max-image-preview":"max-image-preview:large","max-video-preview":"max-video-preview:-1"},"canonical":"https:\/\/www.temmontagens.com.br\/blog\/quadro-de-iluminacao\/como-um-quadro-de-iluminacao-com-automacao-inteligente-reduz-custos-operacionais\/","og_locale":"pt_BR","og_type":"article","og_title":"Como um quadro de ilumina\u00e7\u00e3o com automa\u00e7\u00e3o inteligente reduz custos operacionais","og_description":"O quadro de ilumina\u00e7\u00e3o inteligente \u00e9 a chave para a efici\u00eancia energ\u00e9tica. Saiba como a automa\u00e7\u00e3o reduz os custos operacionais de sua ind\u00fastria, galp\u00e3o ou edif\u00edcio comercial.","og_url":"https:\/\/www.temmontagens.com.br\/blog\/quadro-de-iluminacao\/como-um-quadro-de-iluminacao-com-automacao-inteligente-reduz-custos-operacionais\/","og_site_name":"Tem Montagens","article_published_time":"2025-11-28T14:17:43+00:00","article_modified_time":"2025-11-28T14:17:55+00:00","og_image":[{"width":1000,"height":667,"url":"https:\/\/www.temmontagens.com.br\/blog\/wp-content\/uploads\/2025\/11\/23482.jpg","type":"image\/jpeg"}],"author":"admin","twitter_card":"summary_large_image","twitter_misc":{"Escrito por":"admin","Est. tempo de leitura":"6 minutos"},"schema":{"@context":"https:\/\/schema.org","@graph":[{"@type":"Article","@id":"https:\/\/www.temmontagens.com.br\/blog\/quadro-de-iluminacao\/como-um-quadro-de-iluminacao-com-automacao-inteligente-reduz-custos-operacionais\/#article","isPartOf":{"@id":"https:\/\/www.temmontagens.com.br\/blog\/quadro-de-iluminacao\/como-um-quadro-de-iluminacao-com-automacao-inteligente-reduz-custos-operacionais\/"},"author":{"name":"admin","@id":"https:\/\/www.temmontagens.com.br\/blog\/#\/schema\/person\/f2a44ace5b6fdc61221c8bfb036f6169"},"headline":"Como um quadro de ilumina\u00e7\u00e3o com automa\u00e7\u00e3o inteligente reduz custos operacionais","datePublished":"2025-11-28T14:17:43+00:00","dateModified":"2025-11-28T14:17:55+00:00","mainEntityOfPage":{"@id":"https:\/\/www.temmontagens.com.br\/blog\/quadro-de-iluminacao\/como-um-quadro-de-iluminacao-com-automacao-inteligente-reduz-custos-operacionais\/"},"wordCount":1131,"commentCount":0,"publisher":{"@id":"https:\/\/www.temmontagens.com.br\/blog\/#organization"},"keywords":["distribuidor de Quadro de ilumina\u00e7\u00e3o","distribuidor de quadro de ilumina\u00e7\u00e3o industrial","distribuidora de Quadro de ilumina\u00e7\u00e3o","distribuidora de quadro de ilumina\u00e7\u00e3o industrial","empresa de Quadro de ilumina\u00e7\u00e3o","empresa de quadro de ilumina\u00e7\u00e3o industrial","fornecedor de Quadro de ilumina\u00e7\u00e3o","fornecedor de quadro de ilumina\u00e7\u00e3o industrial","quadro de ilumina\u00e7\u00e3o comprar","quadro de ilumina\u00e7\u00e3o em \u00c1gua Branca","quadro de ilumina\u00e7\u00e3o em Diadema","quadro de ilumina\u00e7\u00e3o em Guarulhos","quadro de ilumina\u00e7\u00e3o em Jaguar\u00e9","quadro de ilumina\u00e7\u00e3o em Osasco","Quadro de ilumina\u00e7\u00e3o em Perdizes","quadro de ilumina\u00e7\u00e3o em Piqueri","quadro de ilumina\u00e7\u00e3o em Pompeia","quadro de ilumina\u00e7\u00e3o em Santo Andr\u00e9","quadro de ilumina\u00e7\u00e3o em S\u00e3o Bernardo","quadro de ilumina\u00e7\u00e3o em S\u00e3o Caetano","Quadro de ilumina\u00e7\u00e3o em s\u00e3o paulo","Quadro de ilumina\u00e7\u00e3o em sp","quadro de ilumina\u00e7\u00e3o industrial comprar","quadro de ilumina\u00e7\u00e3o industrial em \u00c1gua Branca","quadro de ilumina\u00e7\u00e3o industrial em Diadema","quadro de ilumina\u00e7\u00e3o industrial em Guarulhos","quadro de ilumina\u00e7\u00e3o industrial em Jaguar\u00e9","quadro de ilumina\u00e7\u00e3o industrial em Osasco","quadro de ilumina\u00e7\u00e3o industrial em Perdizes","quadro de ilumina\u00e7\u00e3o industrial em Piqueri","quadro de ilumina\u00e7\u00e3o industrial em Pompeia","quadro de ilumina\u00e7\u00e3o industrial em Santo Andr\u00e9","quadro de ilumina\u00e7\u00e3o industrial em S\u00e3o Bernardo","quadro de ilumina\u00e7\u00e3o industrial em S\u00e3o Caetano","quadro de ilumina\u00e7\u00e3o industrial em s\u00e3o paulo","quadro de ilumina\u00e7\u00e3o industrial em sp","quadro de ilumina\u00e7\u00e3o industrial na baixada santista","quadro de ilumina\u00e7\u00e3o industrial na Freguesia do \u00d3","quadro de ilumina\u00e7\u00e3o industrial na Lapa","quadro de ilumina\u00e7\u00e3o industrial na Vila Anast\u00e1cia","quadro de ilumina\u00e7\u00e3o industrial na Vila Jaguara","quadro de ilumina\u00e7\u00e3o industrial na Vila Romana","quadro de ilumina\u00e7\u00e3o industrial na zona leste","quadro de ilumina\u00e7\u00e3o industrial na zona norte","quadro de ilumina\u00e7\u00e3o industrial na zona oeste","quadro de ilumina\u00e7\u00e3o industrial na zona sul","quadro de ilumina\u00e7\u00e3o industrial no ABC","quadro de ilumina\u00e7\u00e3o industrial no centro","quadro de ilumina\u00e7\u00e3o industrial no Lim\u00e3o","quadro de ilumina\u00e7\u00e3o industrial onde encontrar","quadro de ilumina\u00e7\u00e3o industrial perto de mim","quadro de ilumina\u00e7\u00e3o industrial pre\u00e7o","quadro de ilumina\u00e7\u00e3o industrial pr\u00f3ximo a mim","quadro de ilumina\u00e7\u00e3o na baixada santista","Quadro de ilumina\u00e7\u00e3o na Freguesia do \u00d3","Quadro de ilumina\u00e7\u00e3o na Lapa","quadro de ilumina\u00e7\u00e3o na Vila Anast\u00e1cia","quadro de ilumina\u00e7\u00e3o na Vila Jaguara","quadro de ilumina\u00e7\u00e3o na Vila Romana","quadro de ilumina\u00e7\u00e3o na zona leste","quadro de ilumina\u00e7\u00e3o na zona norte","Quadro de ilumina\u00e7\u00e3o na zona oeste","quadro de ilumina\u00e7\u00e3o na zona sul","quadro de ilumina\u00e7\u00e3o no ABC","quadro de ilumina\u00e7\u00e3o no centro","quadro de ilumina\u00e7\u00e3o no Lim\u00e3o","quadro de ilumina\u00e7\u00e3o onde encontrar","Quadro de ilumina\u00e7\u00e3o perto de mim","Quadro de ilumina\u00e7\u00e3o pre\u00e7o","Quadro de ilumina\u00e7\u00e3o pr\u00f3ximo a mim"],"articleSection":["Quadro de ilumina\u00e7\u00e3o"],"inLanguage":"pt-BR","potentialAction":[{"@type":"CommentAction","name":"Comment","target":["https:\/\/www.temmontagens.com.br\/blog\/quadro-de-iluminacao\/como-um-quadro-de-iluminacao-com-automacao-inteligente-reduz-custos-operacionais\/#respond"]}]},{"@type":"WebPage","@id":"https:\/\/www.temmontagens.com.br\/blog\/quadro-de-iluminacao\/como-um-quadro-de-iluminacao-com-automacao-inteligente-reduz-custos-operacionais\/","url":"https:\/\/www.temmontagens.com.br\/blog\/quadro-de-iluminacao\/como-um-quadro-de-iluminacao-com-automacao-inteligente-reduz-custos-operacionais\/","name":"Como um quadro de ilumina\u00e7\u00e3o com automa\u00e7\u00e3o inteligente reduz custos operacionais","isPartOf":{"@id":"https:\/\/www.temmontagens.com.br\/blog\/#website"},"datePublished":"2025-11-28T14:17:43+00:00","dateModified":"2025-11-28T14:17:55+00:00","description":"O quadro de ilumina\u00e7\u00e3o inteligente \u00e9 a chave para a efici\u00eancia energ\u00e9tica. Saiba como a automa\u00e7\u00e3o reduz os custos operacionais de sua ind\u00fastria, galp\u00e3o ou edif\u00edcio comercial.","breadcrumb":{"@id":"https:\/\/www.temmontagens.com.br\/blog\/quadro-de-iluminacao\/como-um-quadro-de-iluminacao-com-automacao-inteligente-reduz-custos-operacionais\/#breadcrumb"},"inLanguage":"pt-BR","potentialAction":[{"@type":"ReadAction","target":["https:\/\/www.temmontagens.com.br\/blog\/quadro-de-iluminacao\/como-um-quadro-de-iluminacao-com-automacao-inteligente-reduz-custos-operacionais\/"]}]},{"@type":"BreadcrumbList","@id":"https:\/\/www.temmontagens.com.br\/blog\/quadro-de-iluminacao\/como-um-quadro-de-iluminacao-com-automacao-inteligente-reduz-custos-operacionais\/#breadcrumb","itemListElement":[{"@type":"ListItem","position":1,"name":"In\u00edcio","item":"https:\/\/www.temmontagens.com.br\/blog\/"},{"@type":"ListItem","position":2,"name":"Como um quadro de ilumina\u00e7\u00e3o com automa\u00e7\u00e3o inteligente reduz custos operacionais"}]},{"@type":"WebSite","@id":"https:\/\/www.temmontagens.com.br\/blog\/#website","url":"https:\/\/www.temmontagens.com.br\/blog\/","name":"Tem Montagens","description":"","publisher":{"@id":"https:\/\/www.temmontagens.com.br\/blog\/#organization"},"potentialAction":[{"@type":"SearchAction","target":{"@type":"EntryPoint","urlTemplate":"https:\/\/www.temmontagens.com.br\/blog\/?s={search_term_string}"},"query-input":"required name=search_term_string"}],"inLanguage":"pt-BR"},{"@type":"Organization","@id":"https:\/\/www.temmontagens.com.br\/blog\/#organization","name":"Tem Montagens","url":"https:\/\/www.temmontagens.com.br\/blog\/","logo":{"@type":"ImageObject","inLanguage":"pt-BR","@id":"https:\/\/www.temmontagens.com.br\/blog\/#\/schema\/logo\/image\/","url":"https:\/\/www.temmontagens.com.br\/blog\/wp-content\/uploads\/2023\/10\/logo-1.jpg","contentUrl":"https:\/\/www.temmontagens.com.br\/blog\/wp-content\/uploads\/2023\/10\/logo-1.jpg","width":184,"height":158,"caption":"Tem Montagens"},"image":{"@id":"https:\/\/www.temmontagens.com.br\/blog\/#\/schema\/logo\/image\/"}},{"@type":"Person","@id":"https:\/\/www.temmontagens.com.br\/blog\/#\/schema\/person\/f2a44ace5b6fdc61221c8bfb036f6169","name":"admin","image":{"@type":"ImageObject","inLanguage":"pt-BR","@id":"https:\/\/www.temmontagens.com.br\/blog\/#\/schema\/person\/image\/","url":"https:\/\/secure.gravatar.com\/avatar\/3813f53848958b8842eeafda91666185a90010f65ed554379b78794cde6f234a?s=96&d=mm&r=g","contentUrl":"https:\/\/secure.gravatar.com\/avatar\/3813f53848958b8842eeafda91666185a90010f65ed554379b78794cde6f234a?s=96&d=mm&r=g","caption":"admin"},"sameAs":["https:\/\/www.temmontagens.com.br\/blog"],"url":"https:\/\/www.temmontagens.com.br\/blog\/author\/admin\/"}]}},"_links":{"self":[{"href":"https:\/\/www.temmontagens.com.br\/blog\/wp-json\/wp\/v2\/posts\/141","targetHints":{"allow":["GET"]}}],"collection":[{"href":"https:\/\/www.temmontagens.com.br\/blog\/wp-json\/wp\/v2\/posts"}],"about":[{"href":"https:\/\/www.temmontagens.com.br\/blog\/wp-json\/wp\/v2\/types\/post"}],"author":[{"embeddable":true,"href":"https:\/\/www.temmontagens.com.br\/blog\/wp-json\/wp\/v2\/users\/1"}],"replies":[{"embeddable":true,"href":"https:\/\/www.temmontagens.com.br\/blog\/wp-json\/wp\/v2\/comments?post=141"}],"version-history":[{"count":1,"href":"https:\/\/www.temmontagens.com.br\/blog\/wp-json\/wp\/v2\/posts\/141\/revisions"}],"predecessor-version":[{"id":143,"href":"https:\/\/www.temmontagens.com.br\/blog\/wp-json\/wp\/v2\/posts\/141\/revisions\/143"}],"wp:featuredmedia":[{"embeddable":true,"href":"https:\/\/www.temmontagens.com.br\/blog\/wp-json\/wp\/v2\/media\/142"}],"wp:attachment":[{"href":"https:\/\/www.temmontagens.com.br\/blog\/wp-json\/wp\/v2\/media?parent=141"}],"wp:term":[{"taxonomy":"category","embeddable":true,"href":"https:\/\/www.temmontagens.com.br\/blog\/wp-json\/wp\/v2\/categories?post=141"},{"taxonomy":"post_tag","embeddable":true,"href":"https:\/\/www.temmontagens.com.br\/blog\/wp-json\/wp\/v2\/tags?post=141"}],"curies":[{"name":"wp","href":"https:\/\/api.w.org\/{rel}","templated":true}]}}