{"id":150,"date":"2026-01-19T15:18:25","date_gmt":"2026-01-19T18:18:25","guid":{"rendered":"https:\/\/www.temmontagens.com.br\/blog\/?p=150"},"modified":"2026-01-19T15:18:27","modified_gmt":"2026-01-19T18:18:27","slug":"retrofit-industrial-como-saber-se-e-a-hora-de-modernizar-seus-paineis-eletricos","status":"publish","type":"post","link":"https:\/\/www.temmontagens.com.br\/blog\/servico-de-retrofit\/retrofit-industrial-como-saber-se-e-a-hora-de-modernizar-seus-paineis-eletricos\/","title":{"rendered":"Retrofit industrial: como saber se \u00e9 a hora de modernizar seus pain\u00e9is el\u00e9tricos?"},"content":{"rendered":"\n<p class=\"has-medium-font-size\"><strong><em>Descubra quando investir no retrofit industrial para modernizar seus pain\u00e9is el\u00e9tricos, reduzir custos de manuten\u00e7\u00e3o e evitar paradas n\u00e3o planejadas.<\/em><\/strong><\/p>\n\n\n\n<p>No cen\u00e1rio competitivo da manufatura moderna, a continuidade operacional \u00e9 o ativo mais valioso de uma planta. Manter pain\u00e9is el\u00e9tricos antigos operando no limite da exaust\u00e3o t\u00e9cnica n\u00e3o \u00e9 apenas um risco financeiro, mas uma amea\u00e7a direta \u00e0 seguran\u00e7a dos colaboradores e \u00e0 integridade do patrim\u00f4nio.<\/p>\n\n\n\n<p>Muitos gestores enfrentam o dilema entre a substitui\u00e7\u00e3o total de sistemas e a conviv\u00eancia com falhas intermitentes. O <strong>retrofit industrial<\/strong> surge como a solu\u00e7\u00e3o estrat\u00e9gica ideal, permitindo a evolu\u00e7\u00e3o tecnol\u00f3gica da infraestrutura el\u00e9trica com um investimento significativamente menor e um tempo de parada reduzido.<\/p>\n\n\n\n<p>Entender o momento exato de modernizar seus quadros el\u00e9tricos \u00e9 o que diferencia uma manuten\u00e7\u00e3o reativa de uma gest\u00e3o de ativos de alta performance. Na <strong>TEM Montagens<\/strong>, acreditamos que a moderniza\u00e7\u00e3o \u00e9 o caminho mais curto para transformar uma infraestrutura obsoleta em um sistema inteligente e confi\u00e1vel.<\/p>\n\n\n\n<h2 class=\"wp-block-heading\"><strong>O que \u00e9 e por que priorizar o retrofit industrial<\/strong><\/h2>\n\n\n\n<p>O conceito de <strong>retrofit industrial<\/strong> trata-se de uma atualiza\u00e7\u00e3o t\u00e9cnica profunda que preserva a estrutura f\u00edsica robusta de um painel, enquanto substitui seus &#8220;\u00f3rg\u00e3os vitais&#8221;. Em vez de trocar todo o inv\u00f3lucro met\u00e1lico e o barramento, focamos na <strong>troca de disjuntores, rel\u00e9s, contatores e sistemas de prote\u00e7\u00e3o<\/strong> por vers\u00f5es de \u00faltima gera\u00e7\u00e3o.<\/p>\n\n\n\n<p>Essa abordagem \u00e9 extremamente vantajosa porque <strong>reduz drasticamente o custo de CAPEX<\/strong>, evitando gastos desnecess\u00e1rios com a infraestrutura civil e mec\u00e2nica que ainda possui integridade estrutural. A moderniza\u00e7\u00e3o permite que componentes mec\u00e2nicos antigos passem a conversar com protocolos de comunica\u00e7\u00e3o modernos, como Modbus ou Ethernet.<\/p>\n\n\n\n<p>Ao optar por essa estrat\u00e9gia, sua ind\u00fastria ganha em <strong>sustentabilidade e economia circular<\/strong>, pois descarta apenas o que \u00e9 tecnicamente necess\u00e1rio. \u00c9 a intelig\u00eancia da engenharia aplicada para extrair o m\u00e1ximo valor de cada ativo el\u00e9trico presente no ch\u00e3o de f\u00e1brica.<\/p>\n\n\n\n<ul class=\"wp-block-list\">\n<li><a href=\"https:\/\/www.temmontagens.com.br\/blog\/automacao-industrial-clp\/como-a-automacao-industrial-com-clp-pode-aumentar-a-produtividade-da-sua-fabrica\/\">Como a automa\u00e7\u00e3o industrial com CLP pode aumentar a produtividade da sua f\u00e1brica<\/a><\/li>\n<\/ul>\n\n\n\n<h2 class=\"wp-block-heading\"><strong>Sinais de que seus pain\u00e9is precisam de retrofit industrial urgente<\/strong><\/h2>\n\n\n\n<p>O primeiro indicativo cr\u00edtico \u00e9 a <strong>dificuldade em encontrar pe\u00e7as de reposi\u00e7\u00e3o<\/strong> no mercado para componentes de manobra e prote\u00e7\u00e3o. Quando um disjuntor de caixa aberta falha e o fabricante j\u00e1 descontinuou a linha h\u00e1 anos, sua produ\u00e7\u00e3o fica ref\u00e9m de estoques de usados ou adapta\u00e7\u00f5es prec\u00e1rias.<\/p>\n\n\n\n<p>Outro ponto de aten\u00e7\u00e3o \u00e9 a <strong>frequ\u00eancia elevada de manuten\u00e7\u00f5es corretivas<\/strong> e paradas n\u00e3o planejadas. Se a sua equipe de engenharia passa mais tempo &#8220;apagando inc\u00eandios&#8221; em pain\u00e9is antigos do que em melhorias preventivas, o custo invis\u00edvel da obsolesc\u00eancia j\u00e1 superou o valor de uma moderniza\u00e7\u00e3o.<\/p>\n\n\n\n<p>Observe tamb\u00e9m o comportamento t\u00e9rmico e sonoro dos equipamentos; <strong>aquecimento excessivo e ru\u00eddos anormais<\/strong> s\u00e3o sintomas claros de fadiga de materiais. A evolu\u00e7\u00e3o das normas t\u00e9cnicas, como a NR-10 e NR-12, tamb\u00e9m pode tornar seus pain\u00e9is legalmente obsoletos, exigindo adequa\u00e7\u00f5es que o retrofit resolve com efici\u00eancia.<\/p>\n\n\n\n<ul class=\"wp-block-list\">\n<li><a href=\"https:\/\/www.temmontagens.com.br\/blog\/quadro-de-iluminacao\/como-um-quadro-de-iluminacao-com-automacao-inteligente-reduz-custos-operacionais\/\">Como um quadro de ilumina\u00e7\u00e3o com automa\u00e7\u00e3o inteligente reduz custos operacionais<\/a><\/li>\n<\/ul>\n\n\n\n<h2 class=\"wp-block-heading\"><strong>Benef\u00edcios t\u00e9cnicos da moderniza\u00e7\u00e3o com a TEM Montagens<\/strong><\/h2>\n\n\n\n<p>Ao confiar o seu projeto \u00e0 <strong>TEM Montagens<\/strong>, voc\u00ea garante uma execu\u00e7\u00e3o que une rigor t\u00e9cnico e agilidade operacional. Nossas solu\u00e7\u00f5es de <strong>retrofit industrial<\/strong> s\u00e3o projetadas para <strong>minimizar o tempo de downtime<\/strong>, permitindo que a moderniza\u00e7\u00e3o ocorra de forma escalonada ou em janelas curtas de manuten\u00e7\u00e3o.<\/p>\n\n\n\n<p>A moderniza\u00e7\u00e3o permite a <strong>implementa\u00e7\u00e3o de monitoramento remoto e gest\u00e3o de energia<\/strong> em tempo real. Disjuntores modernos v\u00eam equipados com unidades de disparo eletr\u00f4nicas que fornecem dados precisos sobre consumo, harm\u00f4nicas e hist\u00f3rico de faltas, algo imposs\u00edvel em sistemas puramente t\u00e9rmicos ou magn\u00e9ticos.<\/p>\n\n\n\n<p>A precis\u00e3o das prote\u00e7\u00f5es eletr\u00f4nicas <strong>aumenta a seletividade da rede<\/strong>, garantindo que apenas o circuito afetado seja desligado em caso de falha. Isso evita o temido efeito cascata, onde um pequeno problema em uma m\u00e1quina derruba um setor inteiro da planta industrial.<\/p>\n\n\n\n<ul class=\"wp-block-list\">\n<li><a href=\"https:\/\/www.temmontagens.com.br\/blog\/montagem-eletrica\/montagem-eletrica-industrial-por-que-contratar-uma-empresa-com-engenharia-propria-faz-diferenca\/\">Montagem el\u00e9trica industrial: por que contratar uma empresa com engenharia pr\u00f3pria faz diferen\u00e7a<\/a><\/li>\n<\/ul>\n\n\n\n<h2 class=\"wp-block-heading\"><strong>Como executamos o retrofit industrial in loco<\/strong><\/h2>\n\n\n\n<p>A grande vantagem competitiva da nossa abordagem \u00e9 o <strong>retrofit in loco<\/strong>, onde nossa equipe atua diretamente na planta do cliente. Isso elimina a necessidade de remo\u00e7\u00e3o f\u00edsica dos pain\u00e9is, reduzindo custos log\u00edsticos e o risco de danos estruturais durante o transporte de quadros pesados.<\/p>\n\n\n\n<h3 class=\"wp-block-heading\"><strong>Etapas do nosso processo:<\/strong><\/h3>\n\n\n\n<ul class=\"wp-block-list\">\n<li><strong>Diagn\u00f3stico detalhado:<\/strong> Analisamos o estado atual dos barramentos, isoladores e fia\u00e7\u00e3o de comando.<\/li>\n\n\n\n<li><strong>Projeto de engenharia:<\/strong> Desenvolvemos a interface de adapta\u00e7\u00e3o para que os novos componentes se encaixem perfeitamente na estrutura antiga.<\/li>\n\n\n\n<li><strong>Execu\u00e7\u00e3o t\u00e9cnica:<\/strong> Realizamos a substitui\u00e7\u00e3o, fia\u00e7\u00e3o e testes de intertravamento seguindo rigorosos padr\u00f5es de seguran\u00e7a.<\/li>\n\n\n\n<li><strong>Comissionamento:<\/strong> Testamos todas as fun\u00e7\u00f5es de prote\u00e7\u00e3o e comunica\u00e7\u00e3o para garantir a entrega de um sistema &#8220;como novo&#8221;.<\/li>\n<\/ul>\n\n\n\n<p>Essa metodologia garante que a transi\u00e7\u00e3o para a tecnologia moderna seja suave e segura. Na <strong>TEM Montagens<\/strong>, entregamos n\u00e3o apenas componentes novos, mas a <strong>confiabilidade necess\u00e1ria para sua planta operar em carga m\u00e1xima<\/strong> sem surpresas desagrad\u00e1veis.<\/p>\n\n\n\n<h2 class=\"wp-block-heading\"><strong>Transforme sua infraestrutura e garanta o futuro da sua opera\u00e7\u00e3o<\/strong><\/h2>\n\n\n\n<p>Modernizar \u00e9 mais do que uma necessidade t\u00e9cnica; \u00e9 um investimento na competitividade do seu neg\u00f3cio. O <strong>retrofit industrial<\/strong> oferece a ponte perfeita entre o legado f\u00edsico da sua ind\u00fastria e as demandas digitais da Ind\u00fastria 4.0, garantindo seguran\u00e7a jur\u00eddica, operacional e financeira.<\/p>\n\n\n\n<p>N\u00e3o permita que pain\u00e9is obsoletos ditem o ritmo da sua produtividade. Ao escolher a <strong>TEM Montagens<\/strong>, voc\u00ea conta com a expertise de uma empresa que entende profundamente os desafios dos gestores e engenheiros que buscam excel\u00eancia em montagem e manuten\u00e7\u00e3o de pain\u00e9is el\u00e9tricos.<\/p>\n\n\n\n<p><strong>Quer saber como aplicar o retrofit na sua planta?<\/strong><a href=\"https:\/\/www.temmontagens.com.br\/\"> Entre em contato com os especialistas da TEM Montagens<\/a> hoje mesmo e solicite um diagn\u00f3stico t\u00e9cnico para transformar sua infraestrutura el\u00e9trica.<\/p>\n","protected":false},"excerpt":{"rendered":"<p>Descubra quando investir no retrofit industrial para modernizar seus pain\u00e9is el\u00e9tricos, reduzir custos de manuten\u00e7\u00e3o e evitar paradas n\u00e3o planejadas. No cen\u00e1rio competitivo da manufatura moderna, a continuidade operacional \u00e9 o ativo mais valioso de uma planta. Manter pain\u00e9is el\u00e9tricos&#8230;<\/p>\n","protected":false},"author":1,"featured_media":128,"comment_status":"open","ping_status":"open","sticky":false,"template":"","format":"standard","meta":{"footnotes":""},"categories":[1416],"tags":[1323,1321,1324,315,1319,1325,1322,279,275,1330,1326,1332,287,1329,1328,1333,1331,1313,1309,1315,1312,1310,1318,1311,1314,1307,303,271,307,251,1356,111,1386,1381,1375,1383,1374,1378,1384,1379,1360,1358,1376,1385,1380,1364,1372,1368,1382,1377,1365,1363,1370,1367,1366,1373,1371,1369,1357,1361,1359,1362,1351,1345,1353,139,1348,1354,1349,125,123,1346,1355,1350,129,1344,1340,1352,1347,1337,1335,1339,1338,1336,1343,1342,1341,1334,135,121,137,1410,1405,1412,1404,1407,1414,1409,1390,1388,1406,1415,1411,1394,1402,1398,1413,1408,1396,1393,1401,1397,1395,1403,1399,1400,1387,1391,1389,1392],"class_list":["post-150","post","type-post","status-publish","format-standard","has-post-thumbnail","hentry","category-servico-de-retrofit","tag-automacao-industrial-clp-em-diadema","tag-automacao-industrial-clp-em-guarulhos","tag-automacao-industrial-clp-em-osasco","tag-automacao-industrial-clp-em-perdizes","tag-automacao-industrial-clp-em-santo-andre","tag-automacao-industrial-clp-em-sao-bernardo","tag-automacao-industrial-clp-em-sao-caetano","tag-automacao-industrial-clp-em-sao-paulo","tag-automacao-industrial-clp-em-sp","tag-automacao-industrial-clp-em-sumare","tag-automacao-industrial-clp-na-baixada-santista","tag-automacao-industrial-clp-na-fregeuesia-do-o","tag-automacao-industrial-clp-na-lapa","tag-automacao-industrial-clp-na-pompeia","tag-automacao-industrial-clp-na-vila-anastacia","tag-automacao-industrial-clp-na-vila-jaguara","tag-automacao-industrial-clp-na-vila-madalena","tag-automacao-industrial-clp-na-vila-romana","tag-automacao-industrial-clp-na-zona-leste","tag-automacao-industrial-clp-na-zona-norte","tag-automacao-industrial-clp-na-zona-oeste","tag-automacao-industrial-clp-na-zona-sul","tag-automacao-industrial-clp-no-abc","tag-automacao-industrial-clp-no-alto-da-lapa","tag-automacao-industrial-clp-no-centro","tag-automacao-industrial-clp-onde-encontrar","tag-automacao-industrial-clp-perto-de-mim","tag-automacao-industrial-clp-preco","tag-automacao-industrial-clp-proximo-a-mim","tag-fornecedor-de-automacao-industrial-clp","tag-fornecedor-de-montagens-eletricas","tag-fornecedor-de-projeto-de-instalacao-eletrica","tag-fornecedor-de-servico-de-retrofit-industrial","tag-montagens-eletricas-em-diadema","tag-montagens-eletricas-em-guarulhos","tag-montagens-eletricas-em-osasco","tag-montagens-eletricas-em-perdizes","tag-montagens-eletricas-em-santo-andre","tag-montagens-eletricas-em-sao-bernardo","tag-montagens-eletricas-em-sao-caetano","tag-montagens-eletricas-em-sao-paulo","tag-montagens-eletricas-em-sp","tag-montagens-eletricas-em-sumare","tag-montagens-eletricas-na-baixada-santista","tag-montagens-eletricas-na-fregeuesia-do-o","tag-montagens-eletricas-na-lapa","tag-montagens-eletricas-na-pompeia","tag-montagens-eletricas-na-vila-anastacia","tag-montagens-eletricas-na-vila-jaguara","tag-montagens-eletricas-na-vila-madalena","tag-montagens-eletricas-na-vila-romana","tag-montagens-eletricas-na-zona-leste","tag-montagens-eletricas-na-zona-norte","tag-montagens-eletricas-na-zona-oeste","tag-montagens-eletricas-na-zona-sul","tag-montagens-eletricas-no-abc","tag-montagens-eletricas-no-alto-da-lapa","tag-montagens-eletricas-no-centro","tag-montagens-eletricas-onde-encontrar","tag-montagens-eletricas-perto-de-mim","tag-montagens-eletricas-preco","tag-montagens-eletricas-proximo-a-mim","tag-projeto-de-instalacao-eletrica-em-diadema","tag-projeto-de-instalacao-eletrica-em-guarulhos","tag-projeto-de-instalacao-eletrica-em-osasco","tag-projeto-de-instalacao-eletrica-em-perdizes","tag-projeto-de-instalacao-eletrica-em-santo-andre","tag-projeto-de-instalacao-eletrica-em-sao-bernardo","tag-projeto-de-instalacao-eletrica-em-sao-caetano","tag-projeto-de-instalacao-eletrica-em-sao-paulo","tag-projeto-de-instalacao-eletrica-em-sp","tag-projeto-de-instalacao-eletrica-em-sumare","tag-projeto-de-instalacao-eletrica-na-baixada-santista","tag-projeto-de-instalacao-eletrica-na-fregeuesia-do-o","tag-projeto-de-instalacao-eletrica-na-lapa","tag-projeto-de-instalacao-eletrica-na-pompeia","tag-projeto-de-instalacao-eletrica-na-vila-anastacia","tag-projeto-de-instalacao-eletrica-na-vila-jaguara","tag-projeto-de-instalacao-eletrica-na-vila-madalena","tag-projeto-de-instalacao-eletrica-na-vila-romana","tag-projeto-de-instalacao-eletrica-na-zona-leste","tag-projeto-de-instalacao-eletrica-na-zona-norte","tag-projeto-de-instalacao-eletrica-na-zona-oeste","tag-projeto-de-instalacao-eletrica-na-zona-sul","tag-projeto-de-instalacao-eletrica-no-abc","tag-projeto-de-instalacao-eletrica-no-alto-da-lapa","tag-projeto-de-instalacao-eletrica-no-centro","tag-projeto-de-instalacao-eletrica-onde-encontrar","tag-projeto-de-instalacao-eletrica-perto-de-mim","tag-projeto-de-instalacao-eletrica-preco","tag-projeto-de-instalacao-eletrica-proximo-a-mim","tag-servico-de-retrofit-industrial-em-diadema","tag-servico-de-retrofit-industrial-em-guarulhos","tag-servico-de-retrofit-industrial-em-osasco","tag-servico-de-retrofit-industrial-em-perdizes","tag-servico-de-retrofit-industrial-em-santo-andre","tag-servico-de-retrofit-industrial-em-sao-bernardo","tag-servico-de-retrofit-industrial-em-sao-caetano","tag-servico-de-retrofit-industrial-em-sao-paulo","tag-servico-de-retrofit-industrial-em-sp","tag-servico-de-retrofit-industrial-em-sumare","tag-servico-de-retrofit-industrial-na-baixada-santista","tag-servico-de-retrofit-industrial-na-fregeuesia-do-o","tag-servico-de-retrofit-industrial-na-lapa","tag-servico-de-retrofit-industrial-na-pompeia","tag-servico-de-retrofit-industrial-na-vila-anastacia","tag-servico-de-retrofit-industrial-na-vila-jaguara","tag-servico-de-retrofit-industrial-na-vila-madalena","tag-servico-de-retrofit-industrial-na-vila-romana","tag-servico-de-retrofit-industrial-na-zona-leste","tag-servico-de-retrofit-industrial-na-zona-norte","tag-servico-de-retrofit-industrial-na-zona-oeste","tag-servico-de-retrofit-industrial-na-zona-sul","tag-servico-de-retrofit-industrial-no-abc","tag-servico-de-retrofit-industrial-no-alto-da-lapa","tag-servico-de-retrofit-industrial-no-centro","tag-servico-de-retrofit-industrial-onde-encontrar","tag-servico-de-retrofit-industrial-perto-de-mim","tag-servico-de-retrofit-industrial-preco","tag-servico-de-retrofit-industrial-proximo-a-mim"],"yoast_head":"<!-- This site is optimized with the Yoast SEO plugin v21.6 - https:\/\/yoast.com\/wordpress\/plugins\/seo\/ -->\n<title>Retrofit industrial: como saber se \u00e9 a hora de modernizar seus pain\u00e9is el\u00e9tricos?<\/title>\n<meta name=\"description\" content=\"Descubra quando investir no retrofit industrial para modernizar seus pain\u00e9is el\u00e9tricos, reduzir custos de manuten\u00e7\u00e3o e evitar paradas n\u00e3o planejadas.\" \/>\n<meta name=\"robots\" content=\"index, follow, max-snippet:-1, max-image-preview:large, max-video-preview:-1\" \/>\n<link rel=\"canonical\" href=\"https:\/\/www.temmontagens.com.br\/blog\/servico-de-retrofit\/retrofit-industrial-como-saber-se-e-a-hora-de-modernizar-seus-paineis-eletricos\/\" \/>\n<meta property=\"og:locale\" content=\"pt_BR\" \/>\n<meta property=\"og:type\" content=\"article\" \/>\n<meta property=\"og:title\" content=\"Retrofit industrial: como saber se \u00e9 a hora de modernizar seus pain\u00e9is el\u00e9tricos?\" \/>\n<meta property=\"og:description\" content=\"Descubra quando investir no retrofit industrial para modernizar seus pain\u00e9is el\u00e9tricos, reduzir custos de manuten\u00e7\u00e3o e evitar paradas n\u00e3o planejadas.\" \/>\n<meta property=\"og:url\" content=\"https:\/\/www.temmontagens.com.br\/blog\/servico-de-retrofit\/retrofit-industrial-como-saber-se-e-a-hora-de-modernizar-seus-paineis-eletricos\/\" \/>\n<meta property=\"og:site_name\" content=\"Tem Montagens\" \/>\n<meta property=\"article:published_time\" content=\"2026-01-19T18:18:25+00:00\" \/>\n<meta property=\"article:modified_time\" content=\"2026-01-19T18:18:27+00:00\" \/>\n<meta property=\"og:image\" content=\"https:\/\/www.temmontagens.com.br\/blog\/wp-content\/uploads\/2025\/08\/baixa-tensao.jpeg\" \/>\n\t<meta property=\"og:image:width\" content=\"800\" \/>\n\t<meta property=\"og:image:height\" content=\"500\" \/>\n\t<meta property=\"og:image:type\" content=\"image\/jpeg\" \/>\n<meta name=\"author\" content=\"admin\" \/>\n<meta name=\"twitter:card\" content=\"summary_large_image\" \/>\n<meta name=\"twitter:label1\" content=\"Escrito por\" \/>\n\t<meta name=\"twitter:data1\" content=\"admin\" \/>\n\t<meta name=\"twitter:label2\" content=\"Est. tempo de leitura\" \/>\n\t<meta name=\"twitter:data2\" content=\"6 minutos\" \/>\n<script type=\"application\/ld+json\" class=\"yoast-schema-graph\">{\"@context\":\"https:\/\/schema.org\",\"@graph\":[{\"@type\":\"Article\",\"@id\":\"https:\/\/www.temmontagens.com.br\/blog\/servico-de-retrofit\/retrofit-industrial-como-saber-se-e-a-hora-de-modernizar-seus-paineis-eletricos\/#article\",\"isPartOf\":{\"@id\":\"https:\/\/www.temmontagens.com.br\/blog\/servico-de-retrofit\/retrofit-industrial-como-saber-se-e-a-hora-de-modernizar-seus-paineis-eletricos\/\"},\"author\":{\"name\":\"admin\",\"@id\":\"https:\/\/www.temmontagens.com.br\/blog\/#\/schema\/person\/f2a44ace5b6fdc61221c8bfb036f6169\"},\"headline\":\"Retrofit industrial: como saber se \u00e9 a hora de modernizar seus pain\u00e9is el\u00e9tricos?\",\"datePublished\":\"2026-01-19T18:18:25+00:00\",\"dateModified\":\"2026-01-19T18:18:27+00:00\",\"mainEntityOfPage\":{\"@id\":\"https:\/\/www.temmontagens.com.br\/blog\/servico-de-retrofit\/retrofit-industrial-como-saber-se-e-a-hora-de-modernizar-seus-paineis-eletricos\/\"},\"wordCount\":1054,\"commentCount\":0,\"publisher\":{\"@id\":\"https:\/\/www.temmontagens.com.br\/blog\/#organization\"},\"keywords\":[\"automa\u00e7\u00e3o industrial CLP em Diadema\",\"automa\u00e7\u00e3o industrial CLP em Guarulhos\",\"automa\u00e7\u00e3o industrial CLP em Osasco\",\"Automa\u00e7\u00e3o industrial CLP em Perdizes\",\"automa\u00e7\u00e3o industrial CLP em Santo Andr\u00e9\",\"automa\u00e7\u00e3o industrial CLP em S\u00e3o Bernardo\",\"automa\u00e7\u00e3o industrial CLP em S\u00e3o Caetano\",\"Automa\u00e7\u00e3o industrial CLP em s\u00e3o paulo\",\"Automa\u00e7\u00e3o industrial CLP em sp\",\"automa\u00e7\u00e3o industrial clp em Sumar\u00e9\",\"automa\u00e7\u00e3o industrial CLP na baixada santista\",\"automa\u00e7\u00e3o industrial clp na Fregeuesia do \u00d3\",\"Automa\u00e7\u00e3o industrial CLP na Lapa\",\"automa\u00e7\u00e3o industrial clp na Pompeia\",\"automa\u00e7\u00e3o industrial clp na Vila Anast\u00e1cia\",\"automa\u00e7\u00e3o industrial clp na Vila Jaguar\u00e1\",\"automa\u00e7\u00e3o industrial clp na Vila Madalena\",\"automa\u00e7\u00e3o industrial CLP na Vila Romana\",\"automa\u00e7\u00e3o industrial CLP na zona leste\",\"automa\u00e7\u00e3o industrial CLP na zona norte\",\"automa\u00e7\u00e3o industrial CLP na zona oeste\",\"automa\u00e7\u00e3o industrial CLP na zona sul\",\"automa\u00e7\u00e3o industrial CLP no ABC\",\"automa\u00e7\u00e3o industrial CLP no Alto da Lapa\",\"automa\u00e7\u00e3o industrial CLP no centro\",\"automa\u00e7\u00e3o industrial CLP onde encontrar\",\"Automa\u00e7\u00e3o industrial CLP perto de mim\",\"Automa\u00e7\u00e3o industrial CLP pre\u00e7o\",\"Automa\u00e7\u00e3o industrial CLP pr\u00f3ximo a mim\",\"fornecedor de Automa\u00e7\u00e3o industrial CLP\",\"fornecedor de montagens el\u00e9tricas\",\"fornecedor de projeto de instala\u00e7\u00e3o el\u00e9trica\",\"fornecedor de servi\u00e7o de retrofit industrial\",\"montagens el\u00e9tricas em Diadema\",\"montagens el\u00e9tricas em Guarulhos\",\"montagens el\u00e9tricas em Osasco\",\"montagens el\u00e9tricas em Perdizes\",\"montagens el\u00e9tricas em Santo Andr\u00e9\",\"montagens el\u00e9tricas em S\u00e3o Bernardo\",\"montagens el\u00e9tricas em S\u00e3o Caetano\",\"montagens el\u00e9tricas em s\u00e3o paulo\",\"montagens el\u00e9tricas em sp\",\"montagens el\u00e9tricas em Sumar\u00e9\",\"montagens el\u00e9tricas na baixada santista\",\"montagens el\u00e9tricas na Fregeuesia do \u00d3\",\"montagens el\u00e9tricas na Lapa\",\"montagens el\u00e9tricas na Pompeia\",\"montagens el\u00e9tricas na Vila Anast\u00e1cia\",\"montagens el\u00e9tricas na Vila Jaguar\u00e1\",\"montagens el\u00e9tricas na Vila Madalena\",\"montagens el\u00e9tricas na Vila Romana\",\"montagens el\u00e9tricas na zona leste\",\"montagens el\u00e9tricas na zona norte\",\"montagens el\u00e9tricas na zona oeste\",\"montagens el\u00e9tricas na zona sul\",\"montagens el\u00e9tricas no ABC\",\"montagens el\u00e9tricas no Alto da Lapa\",\"montagens el\u00e9tricas no centro\",\"montagens el\u00e9tricas onde encontrar\",\"montagens el\u00e9tricas perto de mim\",\"montagens el\u00e9tricas pre\u00e7o\",\"montagens el\u00e9tricas pr\u00f3ximo a mim\",\"projeto de instala\u00e7\u00e3o el\u00e9trica em Diadema\",\"projeto de instala\u00e7\u00e3o el\u00e9trica em Guarulhos\",\"projeto de instala\u00e7\u00e3o el\u00e9trica em Osasco\",\"projeto de instala\u00e7\u00e3o el\u00e9trica em Perdizes\",\"projeto de instala\u00e7\u00e3o el\u00e9trica em Santo Andr\u00e9\",\"projeto de instala\u00e7\u00e3o el\u00e9trica em S\u00e3o Bernardo\",\"projeto de instala\u00e7\u00e3o el\u00e9trica em S\u00e3o Caetano\",\"projeto de instala\u00e7\u00e3o el\u00e9trica em s\u00e3o paulo\",\"projeto de instala\u00e7\u00e3o el\u00e9trica em sp\",\"projeto de instala\u00e7\u00e3o el\u00e9trica em Sumar\u00e9\",\"projeto de instala\u00e7\u00e3o el\u00e9trica na baixada santista\",\"projeto de instala\u00e7\u00e3o el\u00e9trica na Fregeuesia do \u00d3\",\"projeto de instala\u00e7\u00e3o el\u00e9trica na Lapa\",\"projeto de instala\u00e7\u00e3o el\u00e9trica na Pompeia\",\"projeto de instala\u00e7\u00e3o el\u00e9trica na Vila Anast\u00e1cia\",\"projeto de instala\u00e7\u00e3o el\u00e9trica na Vila Jaguar\u00e1\",\"projeto de instala\u00e7\u00e3o el\u00e9trica na Vila Madalena\",\"projeto de instala\u00e7\u00e3o el\u00e9trica na Vila Romana\",\"projeto de instala\u00e7\u00e3o el\u00e9trica na zona leste\",\"projeto de instala\u00e7\u00e3o el\u00e9trica na zona norte\",\"projeto de instala\u00e7\u00e3o el\u00e9trica na zona oeste\",\"projeto de instala\u00e7\u00e3o el\u00e9trica na zona sul\",\"projeto de instala\u00e7\u00e3o el\u00e9trica no ABC\",\"projeto de instala\u00e7\u00e3o el\u00e9trica no Alto da Lapa\",\"projeto de instala\u00e7\u00e3o el\u00e9trica no centro\",\"projeto de instala\u00e7\u00e3o el\u00e9trica onde encontrar\",\"projeto de instala\u00e7\u00e3o el\u00e9trica perto de mim\",\"projeto de instala\u00e7\u00e3o el\u00e9trica pre\u00e7o\",\"projeto de instala\u00e7\u00e3o el\u00e9trica pr\u00f3ximo a mim\",\"servi\u00e7o de retrofit industrial em Diadema\",\"servi\u00e7o de retrofit industrial em Guarulhos\",\"servi\u00e7o de retrofit industrial em Osasco\",\"servi\u00e7o de retrofit industrial em Perdizes\",\"servi\u00e7o de retrofit industrial em Santo Andr\u00e9\",\"servi\u00e7o de retrofit industrial em S\u00e3o Bernardo\",\"servi\u00e7o de retrofit industrial em S\u00e3o Caetano\",\"servi\u00e7o de retrofit industrial em s\u00e3o paulo\",\"servi\u00e7o de retrofit industrial em sp\",\"servi\u00e7o de retrofit industrial em Sumar\u00e9\",\"servi\u00e7o de retrofit industrial na baixada santista\",\"servi\u00e7o de retrofit industrial na Fregeuesia do \u00d3\",\"servi\u00e7o de retrofit industrial na Lapa\",\"servi\u00e7o de retrofit industrial na Pompeia\",\"servi\u00e7o de retrofit industrial na Vila Anast\u00e1cia\",\"servi\u00e7o de retrofit industrial na Vila Jaguar\u00e1\",\"servi\u00e7o de retrofit industrial na Vila Madalena\",\"servi\u00e7o de retrofit industrial na Vila Romana\",\"servi\u00e7o de retrofit industrial na zona leste\",\"servi\u00e7o de retrofit industrial na zona norte\",\"servi\u00e7o de retrofit industrial na zona oeste\",\"servi\u00e7o de retrofit industrial na zona sul\",\"servi\u00e7o de retrofit industrial no ABC\",\"servi\u00e7o de retrofit industrial no Alto da Lapa\",\"servi\u00e7o de retrofit industrial no centro\",\"servi\u00e7o de retrofit industrial onde encontrar\",\"servi\u00e7o de retrofit industrial perto de mim\",\"servi\u00e7o de retrofit industrial pre\u00e7o\",\"servi\u00e7o de retrofit industrial pr\u00f3ximo a mim\"],\"articleSection\":[\"Servi\u00e7o de retrofit\"],\"inLanguage\":\"pt-BR\",\"potentialAction\":[{\"@type\":\"CommentAction\",\"name\":\"Comment\",\"target\":[\"https:\/\/www.temmontagens.com.br\/blog\/servico-de-retrofit\/retrofit-industrial-como-saber-se-e-a-hora-de-modernizar-seus-paineis-eletricos\/#respond\"]}]},{\"@type\":\"WebPage\",\"@id\":\"https:\/\/www.temmontagens.com.br\/blog\/servico-de-retrofit\/retrofit-industrial-como-saber-se-e-a-hora-de-modernizar-seus-paineis-eletricos\/\",\"url\":\"https:\/\/www.temmontagens.com.br\/blog\/servico-de-retrofit\/retrofit-industrial-como-saber-se-e-a-hora-de-modernizar-seus-paineis-eletricos\/\",\"name\":\"Retrofit industrial: como saber se \u00e9 a hora de modernizar seus pain\u00e9is el\u00e9tricos?\",\"isPartOf\":{\"@id\":\"https:\/\/www.temmontagens.com.br\/blog\/#website\"},\"datePublished\":\"2026-01-19T18:18:25+00:00\",\"dateModified\":\"2026-01-19T18:18:27+00:00\",\"description\":\"Descubra quando investir no retrofit industrial para modernizar seus pain\u00e9is el\u00e9tricos, reduzir custos de manuten\u00e7\u00e3o e evitar paradas n\u00e3o planejadas.\",\"breadcrumb\":{\"@id\":\"https:\/\/www.temmontagens.com.br\/blog\/servico-de-retrofit\/retrofit-industrial-como-saber-se-e-a-hora-de-modernizar-seus-paineis-eletricos\/#breadcrumb\"},\"inLanguage\":\"pt-BR\",\"potentialAction\":[{\"@type\":\"ReadAction\",\"target\":[\"https:\/\/www.temmontagens.com.br\/blog\/servico-de-retrofit\/retrofit-industrial-como-saber-se-e-a-hora-de-modernizar-seus-paineis-eletricos\/\"]}]},{\"@type\":\"BreadcrumbList\",\"@id\":\"https:\/\/www.temmontagens.com.br\/blog\/servico-de-retrofit\/retrofit-industrial-como-saber-se-e-a-hora-de-modernizar-seus-paineis-eletricos\/#breadcrumb\",\"itemListElement\":[{\"@type\":\"ListItem\",\"position\":1,\"name\":\"In\u00edcio\",\"item\":\"https:\/\/www.temmontagens.com.br\/blog\/\"},{\"@type\":\"ListItem\",\"position\":2,\"name\":\"Retrofit industrial: como saber se \u00e9 a hora de modernizar seus pain\u00e9is el\u00e9tricos?\"}]},{\"@type\":\"WebSite\",\"@id\":\"https:\/\/www.temmontagens.com.br\/blog\/#website\",\"url\":\"https:\/\/www.temmontagens.com.br\/blog\/\",\"name\":\"Tem Montagens\",\"description\":\"\",\"publisher\":{\"@id\":\"https:\/\/www.temmontagens.com.br\/blog\/#organization\"},\"potentialAction\":[{\"@type\":\"SearchAction\",\"target\":{\"@type\":\"EntryPoint\",\"urlTemplate\":\"https:\/\/www.temmontagens.com.br\/blog\/?s={search_term_string}\"},\"query-input\":\"required name=search_term_string\"}],\"inLanguage\":\"pt-BR\"},{\"@type\":\"Organization\",\"@id\":\"https:\/\/www.temmontagens.com.br\/blog\/#organization\",\"name\":\"Tem Montagens\",\"url\":\"https:\/\/www.temmontagens.com.br\/blog\/\",\"logo\":{\"@type\":\"ImageObject\",\"inLanguage\":\"pt-BR\",\"@id\":\"https:\/\/www.temmontagens.com.br\/blog\/#\/schema\/logo\/image\/\",\"url\":\"https:\/\/www.temmontagens.com.br\/blog\/wp-content\/uploads\/2023\/10\/logo-1.jpg\",\"contentUrl\":\"https:\/\/www.temmontagens.com.br\/blog\/wp-content\/uploads\/2023\/10\/logo-1.jpg\",\"width\":184,\"height\":158,\"caption\":\"Tem Montagens\"},\"image\":{\"@id\":\"https:\/\/www.temmontagens.com.br\/blog\/#\/schema\/logo\/image\/\"}},{\"@type\":\"Person\",\"@id\":\"https:\/\/www.temmontagens.com.br\/blog\/#\/schema\/person\/f2a44ace5b6fdc61221c8bfb036f6169\",\"name\":\"admin\",\"image\":{\"@type\":\"ImageObject\",\"inLanguage\":\"pt-BR\",\"@id\":\"https:\/\/www.temmontagens.com.br\/blog\/#\/schema\/person\/image\/\",\"url\":\"https:\/\/secure.gravatar.com\/avatar\/3813f53848958b8842eeafda91666185a90010f65ed554379b78794cde6f234a?s=96&d=mm&r=g\",\"contentUrl\":\"https:\/\/secure.gravatar.com\/avatar\/3813f53848958b8842eeafda91666185a90010f65ed554379b78794cde6f234a?s=96&d=mm&r=g\",\"caption\":\"admin\"},\"sameAs\":[\"https:\/\/www.temmontagens.com.br\/blog\"],\"url\":\"https:\/\/www.temmontagens.com.br\/blog\/author\/admin\/\"}]}<\/script>\n<!-- \/ Yoast SEO plugin. -->","yoast_head_json":{"title":"Retrofit industrial: como saber se \u00e9 a hora de modernizar seus pain\u00e9is el\u00e9tricos?","description":"Descubra quando investir no retrofit industrial para modernizar seus pain\u00e9is el\u00e9tricos, reduzir custos de manuten\u00e7\u00e3o e evitar paradas n\u00e3o planejadas.","robots":{"index":"index","follow":"follow","max-snippet":"max-snippet:-1","max-image-preview":"max-image-preview:large","max-video-preview":"max-video-preview:-1"},"canonical":"https:\/\/www.temmontagens.com.br\/blog\/servico-de-retrofit\/retrofit-industrial-como-saber-se-e-a-hora-de-modernizar-seus-paineis-eletricos\/","og_locale":"pt_BR","og_type":"article","og_title":"Retrofit industrial: como saber se \u00e9 a hora de modernizar seus pain\u00e9is el\u00e9tricos?","og_description":"Descubra quando investir no retrofit industrial para modernizar seus pain\u00e9is el\u00e9tricos, reduzir custos de manuten\u00e7\u00e3o e evitar paradas n\u00e3o planejadas.","og_url":"https:\/\/www.temmontagens.com.br\/blog\/servico-de-retrofit\/retrofit-industrial-como-saber-se-e-a-hora-de-modernizar-seus-paineis-eletricos\/","og_site_name":"Tem Montagens","article_published_time":"2026-01-19T18:18:25+00:00","article_modified_time":"2026-01-19T18:18:27+00:00","og_image":[{"width":800,"height":500,"url":"https:\/\/www.temmontagens.com.br\/blog\/wp-content\/uploads\/2025\/08\/baixa-tensao.jpeg","type":"image\/jpeg"}],"author":"admin","twitter_card":"summary_large_image","twitter_misc":{"Escrito por":"admin","Est. tempo de leitura":"6 minutos"},"schema":{"@context":"https:\/\/schema.org","@graph":[{"@type":"Article","@id":"https:\/\/www.temmontagens.com.br\/blog\/servico-de-retrofit\/retrofit-industrial-como-saber-se-e-a-hora-de-modernizar-seus-paineis-eletricos\/#article","isPartOf":{"@id":"https:\/\/www.temmontagens.com.br\/blog\/servico-de-retrofit\/retrofit-industrial-como-saber-se-e-a-hora-de-modernizar-seus-paineis-eletricos\/"},"author":{"name":"admin","@id":"https:\/\/www.temmontagens.com.br\/blog\/#\/schema\/person\/f2a44ace5b6fdc61221c8bfb036f6169"},"headline":"Retrofit industrial: como saber se \u00e9 a hora de modernizar seus pain\u00e9is el\u00e9tricos?","datePublished":"2026-01-19T18:18:25+00:00","dateModified":"2026-01-19T18:18:27+00:00","mainEntityOfPage":{"@id":"https:\/\/www.temmontagens.com.br\/blog\/servico-de-retrofit\/retrofit-industrial-como-saber-se-e-a-hora-de-modernizar-seus-paineis-eletricos\/"},"wordCount":1054,"commentCount":0,"publisher":{"@id":"https:\/\/www.temmontagens.com.br\/blog\/#organization"},"keywords":["automa\u00e7\u00e3o industrial CLP em Diadema","automa\u00e7\u00e3o industrial CLP em Guarulhos","automa\u00e7\u00e3o industrial CLP em Osasco","Automa\u00e7\u00e3o industrial CLP em Perdizes","automa\u00e7\u00e3o industrial CLP em Santo Andr\u00e9","automa\u00e7\u00e3o industrial CLP em S\u00e3o Bernardo","automa\u00e7\u00e3o industrial CLP em S\u00e3o Caetano","Automa\u00e7\u00e3o industrial CLP em s\u00e3o paulo","Automa\u00e7\u00e3o industrial CLP em sp","automa\u00e7\u00e3o industrial clp em Sumar\u00e9","automa\u00e7\u00e3o industrial CLP na baixada santista","automa\u00e7\u00e3o industrial clp na Fregeuesia do \u00d3","Automa\u00e7\u00e3o industrial CLP na Lapa","automa\u00e7\u00e3o industrial clp na Pompeia","automa\u00e7\u00e3o industrial clp na Vila Anast\u00e1cia","automa\u00e7\u00e3o industrial clp na Vila Jaguar\u00e1","automa\u00e7\u00e3o industrial clp na Vila Madalena","automa\u00e7\u00e3o industrial CLP na Vila Romana","automa\u00e7\u00e3o industrial CLP na zona leste","automa\u00e7\u00e3o industrial CLP na zona norte","automa\u00e7\u00e3o industrial CLP na zona oeste","automa\u00e7\u00e3o industrial CLP na zona sul","automa\u00e7\u00e3o industrial CLP no ABC","automa\u00e7\u00e3o industrial CLP no Alto da Lapa","automa\u00e7\u00e3o industrial CLP no centro","automa\u00e7\u00e3o industrial CLP onde encontrar","Automa\u00e7\u00e3o industrial CLP perto de mim","Automa\u00e7\u00e3o industrial CLP pre\u00e7o","Automa\u00e7\u00e3o industrial CLP pr\u00f3ximo a mim","fornecedor de Automa\u00e7\u00e3o industrial CLP","fornecedor de montagens el\u00e9tricas","fornecedor de projeto de instala\u00e7\u00e3o el\u00e9trica","fornecedor de servi\u00e7o de retrofit industrial","montagens el\u00e9tricas em Diadema","montagens el\u00e9tricas em Guarulhos","montagens el\u00e9tricas em Osasco","montagens el\u00e9tricas em Perdizes","montagens el\u00e9tricas em Santo Andr\u00e9","montagens el\u00e9tricas em S\u00e3o Bernardo","montagens el\u00e9tricas em S\u00e3o Caetano","montagens el\u00e9tricas em s\u00e3o paulo","montagens el\u00e9tricas em sp","montagens el\u00e9tricas em Sumar\u00e9","montagens el\u00e9tricas na baixada santista","montagens el\u00e9tricas na Fregeuesia do \u00d3","montagens el\u00e9tricas na Lapa","montagens el\u00e9tricas na Pompeia","montagens el\u00e9tricas na Vila Anast\u00e1cia","montagens el\u00e9tricas na Vila Jaguar\u00e1","montagens el\u00e9tricas na Vila Madalena","montagens el\u00e9tricas na Vila Romana","montagens el\u00e9tricas na zona leste","montagens el\u00e9tricas na zona norte","montagens el\u00e9tricas na zona oeste","montagens el\u00e9tricas na zona sul","montagens el\u00e9tricas no ABC","montagens el\u00e9tricas no Alto da Lapa","montagens el\u00e9tricas no centro","montagens el\u00e9tricas onde encontrar","montagens el\u00e9tricas perto de mim","montagens el\u00e9tricas pre\u00e7o","montagens el\u00e9tricas pr\u00f3ximo a mim","projeto de instala\u00e7\u00e3o el\u00e9trica em Diadema","projeto de instala\u00e7\u00e3o el\u00e9trica em Guarulhos","projeto de instala\u00e7\u00e3o el\u00e9trica em Osasco","projeto de instala\u00e7\u00e3o el\u00e9trica em Perdizes","projeto de instala\u00e7\u00e3o el\u00e9trica em Santo Andr\u00e9","projeto de instala\u00e7\u00e3o el\u00e9trica em S\u00e3o Bernardo","projeto de instala\u00e7\u00e3o el\u00e9trica em S\u00e3o Caetano","projeto de instala\u00e7\u00e3o el\u00e9trica em s\u00e3o paulo","projeto de instala\u00e7\u00e3o el\u00e9trica em sp","projeto de instala\u00e7\u00e3o el\u00e9trica em Sumar\u00e9","projeto de instala\u00e7\u00e3o el\u00e9trica na baixada santista","projeto de instala\u00e7\u00e3o el\u00e9trica na Fregeuesia do \u00d3","projeto de instala\u00e7\u00e3o el\u00e9trica na Lapa","projeto de instala\u00e7\u00e3o el\u00e9trica na Pompeia","projeto de instala\u00e7\u00e3o el\u00e9trica na Vila Anast\u00e1cia","projeto de instala\u00e7\u00e3o el\u00e9trica na Vila Jaguar\u00e1","projeto de instala\u00e7\u00e3o el\u00e9trica na Vila Madalena","projeto de instala\u00e7\u00e3o el\u00e9trica na Vila Romana","projeto de instala\u00e7\u00e3o el\u00e9trica na zona leste","projeto de instala\u00e7\u00e3o el\u00e9trica na zona norte","projeto de instala\u00e7\u00e3o el\u00e9trica na zona oeste","projeto de instala\u00e7\u00e3o el\u00e9trica na zona sul","projeto de instala\u00e7\u00e3o el\u00e9trica no ABC","projeto de instala\u00e7\u00e3o el\u00e9trica no Alto da Lapa","projeto de instala\u00e7\u00e3o el\u00e9trica no centro","projeto de instala\u00e7\u00e3o el\u00e9trica onde encontrar","projeto de instala\u00e7\u00e3o el\u00e9trica perto de mim","projeto de instala\u00e7\u00e3o el\u00e9trica pre\u00e7o","projeto de instala\u00e7\u00e3o el\u00e9trica pr\u00f3ximo a mim","servi\u00e7o de retrofit industrial em Diadema","servi\u00e7o de retrofit industrial em Guarulhos","servi\u00e7o de retrofit industrial em Osasco","servi\u00e7o de retrofit industrial em Perdizes","servi\u00e7o de retrofit industrial em Santo Andr\u00e9","servi\u00e7o de retrofit industrial em S\u00e3o Bernardo","servi\u00e7o de retrofit industrial em S\u00e3o Caetano","servi\u00e7o de retrofit industrial em s\u00e3o paulo","servi\u00e7o de retrofit industrial em sp","servi\u00e7o de retrofit industrial em Sumar\u00e9","servi\u00e7o de retrofit industrial na baixada santista","servi\u00e7o de retrofit industrial na Fregeuesia do \u00d3","servi\u00e7o de retrofit industrial na Lapa","servi\u00e7o de retrofit industrial na Pompeia","servi\u00e7o de retrofit industrial na Vila Anast\u00e1cia","servi\u00e7o de retrofit industrial na Vila Jaguar\u00e1","servi\u00e7o de retrofit industrial na Vila Madalena","servi\u00e7o de retrofit industrial na Vila Romana","servi\u00e7o de retrofit industrial na zona leste","servi\u00e7o de retrofit industrial na zona norte","servi\u00e7o de retrofit industrial na zona oeste","servi\u00e7o de retrofit industrial na zona sul","servi\u00e7o de retrofit industrial no ABC","servi\u00e7o de retrofit industrial no Alto da Lapa","servi\u00e7o de retrofit industrial no centro","servi\u00e7o de retrofit industrial onde encontrar","servi\u00e7o de retrofit industrial perto de mim","servi\u00e7o de retrofit industrial pre\u00e7o","servi\u00e7o de retrofit industrial pr\u00f3ximo a mim"],"articleSection":["Servi\u00e7o de retrofit"],"inLanguage":"pt-BR","potentialAction":[{"@type":"CommentAction","name":"Comment","target":["https:\/\/www.temmontagens.com.br\/blog\/servico-de-retrofit\/retrofit-industrial-como-saber-se-e-a-hora-de-modernizar-seus-paineis-eletricos\/#respond"]}]},{"@type":"WebPage","@id":"https:\/\/www.temmontagens.com.br\/blog\/servico-de-retrofit\/retrofit-industrial-como-saber-se-e-a-hora-de-modernizar-seus-paineis-eletricos\/","url":"https:\/\/www.temmontagens.com.br\/blog\/servico-de-retrofit\/retrofit-industrial-como-saber-se-e-a-hora-de-modernizar-seus-paineis-eletricos\/","name":"Retrofit industrial: como saber se \u00e9 a hora de modernizar seus pain\u00e9is el\u00e9tricos?","isPartOf":{"@id":"https:\/\/www.temmontagens.com.br\/blog\/#website"},"datePublished":"2026-01-19T18:18:25+00:00","dateModified":"2026-01-19T18:18:27+00:00","description":"Descubra quando investir no retrofit industrial para modernizar seus pain\u00e9is el\u00e9tricos, reduzir custos de manuten\u00e7\u00e3o e evitar paradas n\u00e3o planejadas.","breadcrumb":{"@id":"https:\/\/www.temmontagens.com.br\/blog\/servico-de-retrofit\/retrofit-industrial-como-saber-se-e-a-hora-de-modernizar-seus-paineis-eletricos\/#breadcrumb"},"inLanguage":"pt-BR","potentialAction":[{"@type":"ReadAction","target":["https:\/\/www.temmontagens.com.br\/blog\/servico-de-retrofit\/retrofit-industrial-como-saber-se-e-a-hora-de-modernizar-seus-paineis-eletricos\/"]}]},{"@type":"BreadcrumbList","@id":"https:\/\/www.temmontagens.com.br\/blog\/servico-de-retrofit\/retrofit-industrial-como-saber-se-e-a-hora-de-modernizar-seus-paineis-eletricos\/#breadcrumb","itemListElement":[{"@type":"ListItem","position":1,"name":"In\u00edcio","item":"https:\/\/www.temmontagens.com.br\/blog\/"},{"@type":"ListItem","position":2,"name":"Retrofit industrial: como saber se \u00e9 a hora de modernizar seus pain\u00e9is el\u00e9tricos?"}]},{"@type":"WebSite","@id":"https:\/\/www.temmontagens.com.br\/blog\/#website","url":"https:\/\/www.temmontagens.com.br\/blog\/","name":"Tem Montagens","description":"","publisher":{"@id":"https:\/\/www.temmontagens.com.br\/blog\/#organization"},"potentialAction":[{"@type":"SearchAction","target":{"@type":"EntryPoint","urlTemplate":"https:\/\/www.temmontagens.com.br\/blog\/?s={search_term_string}"},"query-input":"required name=search_term_string"}],"inLanguage":"pt-BR"},{"@type":"Organization","@id":"https:\/\/www.temmontagens.com.br\/blog\/#organization","name":"Tem Montagens","url":"https:\/\/www.temmontagens.com.br\/blog\/","logo":{"@type":"ImageObject","inLanguage":"pt-BR","@id":"https:\/\/www.temmontagens.com.br\/blog\/#\/schema\/logo\/image\/","url":"https:\/\/www.temmontagens.com.br\/blog\/wp-content\/uploads\/2023\/10\/logo-1.jpg","contentUrl":"https:\/\/www.temmontagens.com.br\/blog\/wp-content\/uploads\/2023\/10\/logo-1.jpg","width":184,"height":158,"caption":"Tem Montagens"},"image":{"@id":"https:\/\/www.temmontagens.com.br\/blog\/#\/schema\/logo\/image\/"}},{"@type":"Person","@id":"https:\/\/www.temmontagens.com.br\/blog\/#\/schema\/person\/f2a44ace5b6fdc61221c8bfb036f6169","name":"admin","image":{"@type":"ImageObject","inLanguage":"pt-BR","@id":"https:\/\/www.temmontagens.com.br\/blog\/#\/schema\/person\/image\/","url":"https:\/\/secure.gravatar.com\/avatar\/3813f53848958b8842eeafda91666185a90010f65ed554379b78794cde6f234a?s=96&d=mm&r=g","contentUrl":"https:\/\/secure.gravatar.com\/avatar\/3813f53848958b8842eeafda91666185a90010f65ed554379b78794cde6f234a?s=96&d=mm&r=g","caption":"admin"},"sameAs":["https:\/\/www.temmontagens.com.br\/blog"],"url":"https:\/\/www.temmontagens.com.br\/blog\/author\/admin\/"}]}},"_links":{"self":[{"href":"https:\/\/www.temmontagens.com.br\/blog\/wp-json\/wp\/v2\/posts\/150","targetHints":{"allow":["GET"]}}],"collection":[{"href":"https:\/\/www.temmontagens.com.br\/blog\/wp-json\/wp\/v2\/posts"}],"about":[{"href":"https:\/\/www.temmontagens.com.br\/blog\/wp-json\/wp\/v2\/types\/post"}],"author":[{"embeddable":true,"href":"https:\/\/www.temmontagens.com.br\/blog\/wp-json\/wp\/v2\/users\/1"}],"replies":[{"embeddable":true,"href":"https:\/\/www.temmontagens.com.br\/blog\/wp-json\/wp\/v2\/comments?post=150"}],"version-history":[{"count":1,"href":"https:\/\/www.temmontagens.com.br\/blog\/wp-json\/wp\/v2\/posts\/150\/revisions"}],"predecessor-version":[{"id":151,"href":"https:\/\/www.temmontagens.com.br\/blog\/wp-json\/wp\/v2\/posts\/150\/revisions\/151"}],"wp:featuredmedia":[{"embeddable":true,"href":"https:\/\/www.temmontagens.com.br\/blog\/wp-json\/wp\/v2\/media\/128"}],"wp:attachment":[{"href":"https:\/\/www.temmontagens.com.br\/blog\/wp-json\/wp\/v2\/media?parent=150"}],"wp:term":[{"taxonomy":"category","embeddable":true,"href":"https:\/\/www.temmontagens.com.br\/blog\/wp-json\/wp\/v2\/categories?post=150"},{"taxonomy":"post_tag","embeddable":true,"href":"https:\/\/www.temmontagens.com.br\/blog\/wp-json\/wp\/v2\/tags?post=150"}],"curies":[{"name":"wp","href":"https:\/\/api.w.org\/{rel}","templated":true}]}}