{"id":196,"date":"2026-09-02T11:54:14","date_gmt":"2026-09-02T14:54:14","guid":{"rendered":"https:\/\/www.temmontagens.com.br\/blog\/?p=196"},"modified":"2026-09-02T11:54:15","modified_gmt":"2026-09-02T14:54:15","slug":"servico-de-instalacao-eletrica-conte-com-uma-empresa-especializada","status":"publish","type":"post","link":"https:\/\/www.temmontagens.com.br\/blog\/instalacao-eletrica\/servico-de-instalacao-eletrica-conte-com-uma-empresa-especializada\/","title":{"rendered":"Servi\u00e7o de instala\u00e7\u00e3o el\u00e9trica: conte com uma empresa especializada"},"content":{"rendered":"\n<p class=\"has-medium-font-size wp-block-paragraph\"><strong><em>Servi\u00e7o de instala\u00e7\u00e3o el\u00e9trica em S\u00e3o Paulo para resid\u00eancias, com\u00e9rcios e ind\u00fastrias. Conte com uma empresa especializada para seu projeto.<\/em><\/strong><\/p>\n\n\n\n<p class=\"wp-block-paragraph\">Contratar um <strong><a href=\"https:\/\/www.temmontagens.com.br\/instalacoes-eletricas\">servi\u00e7o de instala\u00e7\u00e3o el\u00e9trica em S\u00e3o Paulo<\/a><\/strong> exige aten\u00e7\u00e3o \u00e0 seguran\u00e7a, \u00e0 qualidade da execu\u00e7\u00e3o e \u00e0 experi\u00eancia da empresa respons\u00e1vel.<\/p>\n\n\n\n<p class=\"wp-block-paragraph\">Seja em uma resid\u00eancia, com\u00e9rcio ou ind\u00fastria, a instala\u00e7\u00e3o precisa atender \u00e0 demanda do local e oferecer uma estrutura adequada para o funcionamento dos equipamentos.<\/p>\n\n\n\n<p class=\"wp-block-paragraph\">Na TEM Montagens, desenvolvemos <strong>servi\u00e7os de instala\u00e7\u00e3o el\u00e9trica<\/strong> para diferentes tipos de projetos, sempre considerando as caracter\u00edsticas de cada aplica\u00e7\u00e3o e as necessidades do cliente.<\/p>\n\n\n\n<h2 class=\"wp-block-heading\"><strong>O que faz parte de um servi\u00e7o de instala\u00e7\u00e3o el\u00e9trica?<\/strong><\/h2>\n\n\n\n<p class=\"wp-block-paragraph\">Um <strong>servi\u00e7o de instala\u00e7\u00e3o el\u00e9trica<\/strong> pode envolver diferentes etapas, de acordo com o projeto.<\/p>\n\n\n\n<p class=\"wp-block-paragraph\">Entre elas est\u00e3o a distribui\u00e7\u00e3o de energia, instala\u00e7\u00e3o de circuitos, ilumina\u00e7\u00e3o, tomadas, quadros el\u00e9tricos, dispositivos de prote\u00e7\u00e3o e outros componentes necess\u00e1rios para o funcionamento do sistema.<\/p>\n\n\n\n<p class=\"wp-block-paragraph\">Tamb\u00e9m atuamos com:<\/p>\n\n\n\n<ul class=\"wp-block-list\">\n<li>instala\u00e7\u00f5es el\u00e9tricas comerciais, industriais e prediais;<\/li>\n\n\n\n<li>projetos de instala\u00e7\u00f5es el\u00e9tricas industriais;<\/li>\n\n\n\n<li>montagens el\u00e9tricas em baixa tens\u00e3o;<\/li>\n\n\n\n<li>fabrica\u00e7\u00e3o de pain\u00e9is e quadros el\u00e9tricos;<\/li>\n\n\n\n<li>retrofit e moderniza\u00e7\u00e3o de sistemas.<\/li>\n<\/ul>\n\n\n\n<p class=\"wp-block-paragraph\">Nosso objetivo \u00e9 entregar uma solu\u00e7\u00e3o completa, com execu\u00e7\u00e3o organizada e adequada ao ambiente.<\/p>\n\n\n\n<ul class=\"wp-block-list\">\n<li><a href=\"https:\/\/www.temmontagens.com.br\/blog\/qgbt\/o-que-e-qgbt-e-sua-funcao-na-distribuicao\/\">O que \u00e9 QGBT e sua fun\u00e7\u00e3o na distribui\u00e7\u00e3o<\/a><\/li>\n<\/ul>\n\n\n\n<h2 class=\"wp-block-heading\"><strong>Servi\u00e7o de instala\u00e7\u00e3o el\u00e9trica residencial e predial<\/strong><\/h2>\n\n\n\n<p class=\"wp-block-paragraph\">Em resid\u00eancias e edif\u00edcios, a instala\u00e7\u00e3o el\u00e9trica precisa acompanhar a rotina de uso do im\u00f3vel.<\/p>\n\n\n\n<p class=\"wp-block-paragraph\">Tomadas, ilumina\u00e7\u00e3o, equipamentos e quadros de distribui\u00e7\u00e3o devem funcionar de maneira segura e compat\u00edvel com a demanda existente.<\/p>\n\n\n\n<p class=\"wp-block-paragraph\">Uma <strong>instala\u00e7\u00e3o el\u00e9trica profissional<\/strong> \u00e9 indicada principalmente em novas constru\u00e7\u00f5es, reformas, amplia\u00e7\u00f5es e im\u00f3veis que apresentam sistemas antigos.<\/p>\n\n\n\n<p class=\"wp-block-paragraph\">Tamb\u00e9m pode ser necess\u00e1ria quando h\u00e1 aumento da quantidade de equipamentos el\u00e9tricos ou mudan\u00e7as importantes no uso do espa\u00e7o.<\/p>\n\n\n\n<p class=\"wp-block-paragraph\">Nesses casos, uma avalia\u00e7\u00e3o especializada permite identificar quais adequa\u00e7\u00f5es precisam ser realizadas antes da execu\u00e7\u00e3o.<\/p>\n\n\n\n<h2 class=\"wp-block-heading\"><strong>Instala\u00e7\u00e3o el\u00e9trica para com\u00e9rcios<\/strong><\/h2>\n\n\n\n<figure class=\"wp-block-image size-large is-resized\"><img loading=\"lazy\" decoding=\"async\" width=\"1024\" height=\"683\" src=\"https:\/\/www.temmontagens.com.br\/blog\/wp-content\/uploads\/2026\/09\/7123956f-00d4-4540-ade3-2b55d6c7a26c-1024x683.jpg\" alt=\"Servi\u00e7o de instala\u00e7\u00e3o el\u00e9trica: conte com uma empresa especializada\" class=\"wp-image-198\" style=\"aspect-ratio:1.4992888417882142;width:544px;height:auto\" srcset=\"https:\/\/www.temmontagens.com.br\/blog\/wp-content\/uploads\/2026\/09\/7123956f-00d4-4540-ade3-2b55d6c7a26c-1024x683.jpg 1024w, https:\/\/www.temmontagens.com.br\/blog\/wp-content\/uploads\/2026\/09\/7123956f-00d4-4540-ade3-2b55d6c7a26c-300x200.jpg 300w, https:\/\/www.temmontagens.com.br\/blog\/wp-content\/uploads\/2026\/09\/7123956f-00d4-4540-ade3-2b55d6c7a26c-768x512.jpg 768w, https:\/\/www.temmontagens.com.br\/blog\/wp-content\/uploads\/2026\/09\/7123956f-00d4-4540-ade3-2b55d6c7a26c.jpg 1536w\" sizes=\"auto, (max-width: 1024px) 100vw, 1024px\" \/><\/figure>\n\n\n\n<p class=\"wp-block-paragraph\">Ambientes comerciais dependem diretamente de uma infraestrutura el\u00e9trica confi\u00e1vel.<\/p>\n\n\n\n<p class=\"wp-block-paragraph\">Lojas, escrit\u00f3rios, estabelecimentos de atendimento e outros espa\u00e7os precisam de energia para ilumina\u00e7\u00e3o, equipamentos, climatiza\u00e7\u00e3o, computadores e diferentes sistemas.<\/p>\n\n\n\n<p class=\"wp-block-paragraph\">Por isso, os <strong>servi\u00e7os de instala\u00e7\u00e3o el\u00e9trica<\/strong> devem ser planejados conforme o funcionamento do neg\u00f3cio.<\/p>\n\n\n\n<p class=\"wp-block-paragraph\">Uma instala\u00e7\u00e3o bem executada contribui para:<\/p>\n\n\n\n<ul class=\"wp-block-list\">\n<li>maior seguran\u00e7a no uso da energia;<\/li>\n\n\n\n<li>melhor distribui\u00e7\u00e3o dos circuitos;<\/li>\n\n\n\n<li>organiza\u00e7\u00e3o da infraestrutura el\u00e9trica;<\/li>\n\n\n\n<li>suporte adequado aos equipamentos;<\/li>\n\n\n\n<li>redu\u00e7\u00e3o de problemas causados por instala\u00e7\u00f5es improvisadas.<\/li>\n<\/ul>\n\n\n\n<p class=\"wp-block-paragraph\">Na TEM Montagens, avaliamos cada projeto para oferecer uma solu\u00e7\u00e3o compat\u00edvel com a necessidade do estabelecimento.<\/p>\n\n\n\n<ul class=\"wp-block-list\">\n<li><a href=\"https:\/\/www.temmontagens.com.br\/blog\/painel-de-bomba\/comprar-quadro-de-comando-para-bombas-preco-e-orcamento\/\">Comprar quadro de comando para bombas: pre\u00e7o e or\u00e7amento<\/a><\/li>\n<\/ul>\n\n\n\n<h2 class=\"wp-block-heading\"><strong>Servi\u00e7o de instala\u00e7\u00e3o el\u00e9trica industrial<\/strong><\/h2>\n\n\n\n<p class=\"wp-block-paragraph\">A instala\u00e7\u00e3o el\u00e9trica industrial normalmente exige um planejamento mais detalhado.<\/p>\n\n\n\n<p class=\"wp-block-paragraph\">M\u00e1quinas, equipamentos e sistemas produtivos podem apresentar diferentes demandas de energia, o que torna importante contar com uma <strong>empresa de instala\u00e7\u00e3o el\u00e9trica<\/strong> preparada para esse tipo de projeto.<\/p>\n\n\n\n<p class=\"wp-block-paragraph\">Nossa atua\u00e7\u00e3o inclui projetos de instala\u00e7\u00f5es el\u00e9tricas industriais, montagens em baixa tens\u00e3o e desenvolvimento de pain\u00e9is e quadros el\u00e9tricos.<\/p>\n\n\n\n<p class=\"wp-block-paragraph\">Isso permite integrar diferentes etapas do projeto e oferecer uma solu\u00e7\u00e3o mais alinhada \u00e0 opera\u00e7\u00e3o da empresa.<\/p>\n\n\n\n<p class=\"wp-block-paragraph\">Tamb\u00e9m realizamos servi\u00e7os de moderniza\u00e7\u00e3o de sistemas existentes, quando h\u00e1 necessidade de atualizar a infraestrutura el\u00e9trica.<\/p>\n\n\n\n<h2 class=\"wp-block-heading\"><strong>Quando contratar uma empresa de instala\u00e7\u00e3o el\u00e9trica?<\/strong><\/h2>\n\n\n\n<p class=\"wp-block-paragraph\">Existem diversas situa\u00e7\u00f5es em que a contrata\u00e7\u00e3o de uma empresa especializada \u00e9 recomendada.<\/p>\n\n\n\n<p class=\"wp-block-paragraph\">Entre as principais est\u00e3o:<\/p>\n\n\n\n<ul class=\"wp-block-list\">\n<li>constru\u00e7\u00e3o de novos im\u00f3veis ou instala\u00e7\u00f5es;<\/li>\n\n\n\n<li>reformas e amplia\u00e7\u00f5es;<\/li>\n\n\n\n<li>instala\u00e7\u00e3o de novas m\u00e1quinas ou equipamentos;<\/li>\n\n\n\n<li>moderniza\u00e7\u00e3o de sistemas el\u00e9tricos antigos;<\/li>\n\n\n\n<li>mudan\u00e7as na utiliza\u00e7\u00e3o do im\u00f3vel;<\/li>\n\n\n\n<li>necessidade de reorganizar quadros e circuitos;<\/li>\n\n\n\n<li>implanta\u00e7\u00e3o ou adequa\u00e7\u00e3o de instala\u00e7\u00f5es comerciais e industriais.<\/li>\n<\/ul>\n\n\n\n<p class=\"wp-block-paragraph\">Nessas situa\u00e7\u00f5es, contar com uma <strong>instala\u00e7\u00e3o el\u00e9trica profissional<\/strong> ajuda a evitar improvisa\u00e7\u00f5es e permite desenvolver o projeto com mais seguran\u00e7a e organiza\u00e7\u00e3o.<\/p>\n\n\n\n<h2 class=\"wp-block-heading\"><strong>O que avaliar antes de contratar servi\u00e7os de instala\u00e7\u00e3o el\u00e9trica?<\/strong><\/h2>\n\n\n\n<p class=\"wp-block-paragraph\">Antes de escolher uma empresa, \u00e9 importante analisar mais do que o pre\u00e7o.<\/p>\n\n\n\n<p class=\"wp-block-paragraph\">A capacidade de compreender a necessidade do projeto faz diferen\u00e7a no resultado final.<\/p>\n\n\n\n<p class=\"wp-block-paragraph\">Alguns pontos devem ser considerados:<\/p>\n\n\n\n<ul class=\"wp-block-list\">\n<li>experi\u00eancia da empresa;<\/li>\n\n\n\n<li>atua\u00e7\u00e3o em projetos semelhantes;<\/li>\n\n\n\n<li>qualidade dos materiais utilizados;<\/li>\n\n\n\n<li>clareza na defini\u00e7\u00e3o do escopo;<\/li>\n\n\n\n<li>aten\u00e7\u00e3o \u00e0s normas aplic\u00e1veis;<\/li>\n\n\n\n<li>capacidade de desenvolver solu\u00e7\u00f5es personalizadas;<\/li>\n\n\n\n<li>suporte durante a execu\u00e7\u00e3o.<\/li>\n<\/ul>\n\n\n\n<p class=\"wp-block-paragraph\">Uma boa <strong>empresa de instala\u00e7\u00e3o el\u00e9trica<\/strong> deve entender o ambiente antes de definir a solu\u00e7\u00e3o.<\/p>\n\n\n\n<p class=\"wp-block-paragraph\">Isso evita propostas gen\u00e9ricas e ajuda a garantir que a instala\u00e7\u00e3o esteja realmente adequada \u00e0 demanda.<\/p>\n\n\n\n<ul class=\"wp-block-list\">\n<li><a href=\"https:\/\/www.temmontagens.com.br\/blog\/instalacoes-eletricas-comerciais\/instalacoes-eletricas-comerciais-conheca-as-solucoes-da-tem-montagens\/\">Instala\u00e7\u00f5es el\u00e9tricas comerciais: conhe\u00e7a as solu\u00e7\u00f5es da TEM Montagens<\/a><\/li>\n<\/ul>\n\n\n\n<h2 class=\"wp-block-heading\"><strong>Por que contratar a TEM Montagens?<\/strong><\/h2>\n\n\n\n<p class=\"wp-block-paragraph\">Na TEM Montagens, trabalhamos com solu\u00e7\u00f5es voltadas a diferentes necessidades el\u00e9tricas.<\/p>\n\n\n\n<p class=\"wp-block-paragraph\">Nossa atua\u00e7\u00e3o envolve instala\u00e7\u00f5es comerciais, industriais e prediais, al\u00e9m de projetos el\u00e9tricos, montagens em baixa tens\u00e3o, pain\u00e9is, quadros el\u00e9tricos e servi\u00e7os de retrofit.<\/p>\n\n\n\n<p class=\"wp-block-paragraph\">Buscamos desenvolver cada projeto de acordo com as necessidades do cliente, priorizando qualidade, seguran\u00e7a e uma execu\u00e7\u00e3o bem planejada.<\/p>\n\n\n\n<p class=\"wp-block-paragraph\">Tamb\u00e9m contamos com profissionais especializados em projetos e montagens el\u00e9tricas, o que nos permite atender desde demandas mais simples at\u00e9 projetos com maior n\u00edvel de complexidade.<\/p>\n\n\n\n<h2 class=\"wp-block-heading\"><strong>Servi\u00e7o de instala\u00e7\u00e3o el\u00e9trica em S\u00e3o Paulo<\/strong><\/h2>\n\n\n\n<p class=\"wp-block-paragraph\">Se voc\u00ea procura um <strong>servi\u00e7o de instala\u00e7\u00e3o el\u00e9trica em S\u00e3o Paulo<\/strong>, \u00e9 importante contar com uma empresa capaz de avaliar o projeto antes de iniciar a execu\u00e7\u00e3o.<\/p>\n\n\n\n<p class=\"wp-block-paragraph\">Uma instala\u00e7\u00e3o adequada come\u00e7a com planejamento e deve considerar o tipo de im\u00f3vel, os equipamentos utilizados e a necessidade de cada ambiente.<\/p>\n\n\n\n<p class=\"wp-block-paragraph\">Na TEM Montagens, desenvolvemos solu\u00e7\u00f5es para projetos residenciais e prediais, comerciais e industriais, com servi\u00e7os que podem envolver desde instala\u00e7\u00f5es el\u00e9tricas at\u00e9 pain\u00e9is e moderniza\u00e7\u00e3o de sistemas.<\/p>\n\n\n\n<p class=\"wp-block-paragraph\"><strong><em>Precisa contratar servi\u00e7os de instala\u00e7\u00e3o el\u00e9trica? Entre em contato com a TEM Montagens e solicite uma avalia\u00e7\u00e3o para o seu projeto. Nossa equipe pode analisar sua necessidade e indicar a solu\u00e7\u00e3o mais adequada para sua instala\u00e7\u00e3o.<\/em><\/strong><\/p>\n","protected":false},"excerpt":{"rendered":"<p>Servi\u00e7o de instala\u00e7\u00e3o el\u00e9trica em S\u00e3o Paulo para resid\u00eancias, com\u00e9rcios e ind\u00fastrias. Conte com uma empresa especializada para seu projeto. Contratar um servi\u00e7o de instala\u00e7\u00e3o el\u00e9trica em S\u00e3o Paulo exige aten\u00e7\u00e3o \u00e0 seguran\u00e7a, \u00e0 qualidade da execu\u00e7\u00e3o e \u00e0 experi\u00eancia&#8230;<\/p>\n","protected":false},"author":1,"featured_media":197,"comment_status":"open","ping_status":"open","sticky":false,"template":"","format":"standard","meta":{"footnotes":""},"categories":[1471],"tags":[2034,2025,2032,2030,892,2033,2016,2017,1626,2018,2019,1050,2015,2013,2020,799,1042,1990,2035,2027,2029,2023,95,2021,2037,2026,2036,2031,2024,2028,2022,1623,2014,2012,96],"class_list":["post-196","post","type-post","status-publish","format-standard","has-post-thumbnail","hentry","category-instalacao-eletrica","tag-como-contratar-servicos-de-instalacao-eletrica","tag-como-escolher-empresa-de-instalacao-eletrica","tag-como-escolher-instalacao-eletrica-profissional","tag-como-funciona-instalacao-eletrica-comercial","tag-empresa-de-instalacao-eletrica","tag-empresa-de-instalacao-eletrica-e-confiavel","tag-empresa-de-instalacao-eletrica-em-sao-paulo","tag-instalacao-eletrica-comercial","tag-instalacao-eletrica-em-sao-paulo","tag-instalacao-eletrica-industrial","tag-instalacao-eletrica-predial","tag-instalacao-eletrica-profissional","tag-instalacao-eletrica-residencial","tag-instalacoes-eletricas","tag-instalacoes-eletricas-comerciais","tag-instalacoes-eletricas-industriais","tag-montagem-eletrica","tag-montagem-eletrica-baixa-tensao","tag-o-que-avaliar-em-uma-empresa-de-instalacao-eletrica","tag-o-que-inclui-servico-de-instalacao-eletrica","tag-onde-contratar-instalacao-eletrica-em-sao-paulo","tag-onde-contratar-servico-de-instalacao-eletrica","tag-projeto-de-instalacao-eletrica","tag-projeto-eletrico","tag-qual-empresa-faz-instalacao-eletrica-em-sao-paulo","tag-quando-contratar-instalacao-eletrica-profissional","tag-quando-modernizar-instalacoes-eletricas","tag-quando-reformar-instalacao-eletrica","tag-quanto-custa-servico-de-instalacao-eletrica","tag-quem-faz-instalacao-eletrica-industrial","tag-retrofit-eletrico","tag-servico-de-instalacao-eletrica","tag-servico-de-instalacao-eletrica-em-sao-paulo","tag-servicos-de-instalacao-eletrica","tag-tem-montagens"],"yoast_head":"<!-- This site is optimized with the Yoast SEO plugin v21.6 - https:\/\/yoast.com\/wordpress\/plugins\/seo\/ -->\n<title>Servi\u00e7o de instala\u00e7\u00e3o el\u00e9trica: conte com uma empresa especializada - Tem Montagens<\/title>\n<meta name=\"description\" content=\"Servi\u00e7o de instala\u00e7\u00e3o el\u00e9trica em S\u00e3o Paulo para resid\u00eancias, com\u00e9rcios e ind\u00fastrias. Conte com uma empresa especializada para seu projeto.\" \/>\n<meta name=\"robots\" content=\"index, follow, max-snippet:-1, max-image-preview:large, max-video-preview:-1\" \/>\n<link rel=\"canonical\" href=\"https:\/\/www.temmontagens.com.br\/blog\/instalacao-eletrica\/servico-de-instalacao-eletrica-conte-com-uma-empresa-especializada\/\" \/>\n<meta property=\"og:locale\" content=\"pt_BR\" \/>\n<meta property=\"og:type\" content=\"article\" \/>\n<meta property=\"og:title\" content=\"Servi\u00e7o de instala\u00e7\u00e3o el\u00e9trica: conte com uma empresa especializada - Tem Montagens\" \/>\n<meta property=\"og:description\" content=\"Servi\u00e7o de instala\u00e7\u00e3o el\u00e9trica em S\u00e3o Paulo para resid\u00eancias, com\u00e9rcios e ind\u00fastrias. Conte com uma empresa especializada para seu projeto.\" \/>\n<meta property=\"og:url\" content=\"https:\/\/www.temmontagens.com.br\/blog\/instalacao-eletrica\/servico-de-instalacao-eletrica-conte-com-uma-empresa-especializada\/\" \/>\n<meta property=\"og:site_name\" content=\"Tem Montagens\" \/>\n<meta property=\"article:published_time\" content=\"2026-09-02T14:54:14+00:00\" \/>\n<meta property=\"article:modified_time\" content=\"2026-09-02T14:54:15+00:00\" \/>\n<meta property=\"og:image\" content=\"https:\/\/www.temmontagens.com.br\/blog\/wp-content\/uploads\/2026\/09\/d23d1b7c-4bd4-4e68-86db-29dd44d43ee7.jpg\" \/>\n\t<meta property=\"og:image:width\" content=\"1536\" \/>\n\t<meta property=\"og:image:height\" content=\"1024\" \/>\n\t<meta property=\"og:image:type\" content=\"image\/jpeg\" \/>\n<meta name=\"author\" content=\"admin\" \/>\n<meta name=\"twitter:card\" content=\"summary_large_image\" \/>\n<meta name=\"twitter:label1\" content=\"Escrito por\" \/>\n\t<meta name=\"twitter:data1\" content=\"admin\" \/>\n\t<meta name=\"twitter:label2\" content=\"Est. tempo de leitura\" \/>\n\t<meta name=\"twitter:data2\" content=\"6 minutos\" \/>\n<script type=\"application\/ld+json\" class=\"yoast-schema-graph\">{\"@context\":\"https:\/\/schema.org\",\"@graph\":[{\"@type\":\"Article\",\"@id\":\"https:\/\/www.temmontagens.com.br\/blog\/instalacao-eletrica\/servico-de-instalacao-eletrica-conte-com-uma-empresa-especializada\/#article\",\"isPartOf\":{\"@id\":\"https:\/\/www.temmontagens.com.br\/blog\/instalacao-eletrica\/servico-de-instalacao-eletrica-conte-com-uma-empresa-especializada\/\"},\"author\":{\"name\":\"admin\",\"@id\":\"https:\/\/www.temmontagens.com.br\/blog\/#\/schema\/person\/f2a44ace5b6fdc61221c8bfb036f6169\"},\"headline\":\"Servi\u00e7o de instala\u00e7\u00e3o el\u00e9trica: conte com uma empresa especializada\",\"datePublished\":\"2026-09-02T14:54:14+00:00\",\"dateModified\":\"2026-09-02T14:54:15+00:00\",\"mainEntityOfPage\":{\"@id\":\"https:\/\/www.temmontagens.com.br\/blog\/instalacao-eletrica\/servico-de-instalacao-eletrica-conte-com-uma-empresa-especializada\/\"},\"wordCount\":1091,\"commentCount\":0,\"publisher\":{\"@id\":\"https:\/\/www.temmontagens.com.br\/blog\/#organization\"},\"keywords\":[\"como contratar servi\u00e7os de instala\u00e7\u00e3o el\u00e9trica\",\"como escolher empresa de instala\u00e7\u00e3o el\u00e9trica\",\"como escolher instala\u00e7\u00e3o el\u00e9trica profissional\",\"como funciona instala\u00e7\u00e3o el\u00e9trica comercial\",\"empresa de instala\u00e7\u00e3o el\u00e9trica\",\"empresa de instala\u00e7\u00e3o el\u00e9trica \u00e9 confi\u00e1vel\",\"empresa de instala\u00e7\u00e3o el\u00e9trica em S\u00e3o Paulo\",\"instala\u00e7\u00e3o el\u00e9trica comercial\",\"instala\u00e7\u00e3o el\u00e9trica em s\u00e3o paulo\",\"instala\u00e7\u00e3o el\u00e9trica industrial\",\"instala\u00e7\u00e3o el\u00e9trica predial\",\"instala\u00e7\u00e3o el\u00e9trica profissional\",\"instala\u00e7\u00e3o el\u00e9trica residencial\",\"instala\u00e7\u00f5es el\u00e9tricas\",\"instala\u00e7\u00f5es el\u00e9tricas comerciais\",\"Instala\u00e7\u00f5es el\u00e9tricas industriais\",\"montagem el\u00e9trica\",\"montagem el\u00e9trica baixa tens\u00e3o\",\"o que avaliar em uma empresa de instala\u00e7\u00e3o el\u00e9trica\",\"o que inclui servi\u00e7o de instala\u00e7\u00e3o el\u00e9trica\",\"onde contratar instala\u00e7\u00e3o el\u00e9trica em S\u00e3o Paulo\",\"onde contratar servi\u00e7o de instala\u00e7\u00e3o el\u00e9trica\",\"projeto de instala\u00e7\u00e3o el\u00e9trica\",\"projeto el\u00e9trico\",\"qual empresa faz instala\u00e7\u00e3o el\u00e9trica em S\u00e3o Paulo\",\"quando contratar instala\u00e7\u00e3o el\u00e9trica profissional\",\"quando modernizar instala\u00e7\u00f5es el\u00e9tricas\",\"quando reformar instala\u00e7\u00e3o el\u00e9trica\",\"quanto custa servi\u00e7o de instala\u00e7\u00e3o el\u00e9trica\",\"quem faz instala\u00e7\u00e3o el\u00e9trica industrial\",\"retrofit el\u00e9trico\",\"servi\u00e7o de instala\u00e7\u00e3o el\u00e9trica\",\"servi\u00e7o de instala\u00e7\u00e3o el\u00e9trica em S\u00e3o Paulo\",\"servi\u00e7os de instala\u00e7\u00e3o el\u00e9trica\",\"TEM Montagens\"],\"articleSection\":[\"Instala\u00e7\u00e3o el\u00e9trica\"],\"inLanguage\":\"pt-BR\",\"potentialAction\":[{\"@type\":\"CommentAction\",\"name\":\"Comment\",\"target\":[\"https:\/\/www.temmontagens.com.br\/blog\/instalacao-eletrica\/servico-de-instalacao-eletrica-conte-com-uma-empresa-especializada\/#respond\"]}]},{\"@type\":\"WebPage\",\"@id\":\"https:\/\/www.temmontagens.com.br\/blog\/instalacao-eletrica\/servico-de-instalacao-eletrica-conte-com-uma-empresa-especializada\/\",\"url\":\"https:\/\/www.temmontagens.com.br\/blog\/instalacao-eletrica\/servico-de-instalacao-eletrica-conte-com-uma-empresa-especializada\/\",\"name\":\"Servi\u00e7o de instala\u00e7\u00e3o el\u00e9trica: conte com uma empresa especializada - Tem Montagens\",\"isPartOf\":{\"@id\":\"https:\/\/www.temmontagens.com.br\/blog\/#website\"},\"datePublished\":\"2026-09-02T14:54:14+00:00\",\"dateModified\":\"2026-09-02T14:54:15+00:00\",\"description\":\"Servi\u00e7o de instala\u00e7\u00e3o el\u00e9trica em S\u00e3o Paulo para resid\u00eancias, com\u00e9rcios e ind\u00fastrias. Conte com uma empresa especializada para seu projeto.\",\"breadcrumb\":{\"@id\":\"https:\/\/www.temmontagens.com.br\/blog\/instalacao-eletrica\/servico-de-instalacao-eletrica-conte-com-uma-empresa-especializada\/#breadcrumb\"},\"inLanguage\":\"pt-BR\",\"potentialAction\":[{\"@type\":\"ReadAction\",\"target\":[\"https:\/\/www.temmontagens.com.br\/blog\/instalacao-eletrica\/servico-de-instalacao-eletrica-conte-com-uma-empresa-especializada\/\"]}]},{\"@type\":\"BreadcrumbList\",\"@id\":\"https:\/\/www.temmontagens.com.br\/blog\/instalacao-eletrica\/servico-de-instalacao-eletrica-conte-com-uma-empresa-especializada\/#breadcrumb\",\"itemListElement\":[{\"@type\":\"ListItem\",\"position\":1,\"name\":\"In\u00edcio\",\"item\":\"https:\/\/www.temmontagens.com.br\/blog\/\"},{\"@type\":\"ListItem\",\"position\":2,\"name\":\"Servi\u00e7o de instala\u00e7\u00e3o el\u00e9trica: conte com uma empresa especializada\"}]},{\"@type\":\"WebSite\",\"@id\":\"https:\/\/www.temmontagens.com.br\/blog\/#website\",\"url\":\"https:\/\/www.temmontagens.com.br\/blog\/\",\"name\":\"Tem Montagens\",\"description\":\"\",\"publisher\":{\"@id\":\"https:\/\/www.temmontagens.com.br\/blog\/#organization\"},\"potentialAction\":[{\"@type\":\"SearchAction\",\"target\":{\"@type\":\"EntryPoint\",\"urlTemplate\":\"https:\/\/www.temmontagens.com.br\/blog\/?s={search_term_string}\"},\"query-input\":\"required name=search_term_string\"}],\"inLanguage\":\"pt-BR\"},{\"@type\":\"Organization\",\"@id\":\"https:\/\/www.temmontagens.com.br\/blog\/#organization\",\"name\":\"Tem Montagens\",\"url\":\"https:\/\/www.temmontagens.com.br\/blog\/\",\"logo\":{\"@type\":\"ImageObject\",\"inLanguage\":\"pt-BR\",\"@id\":\"https:\/\/www.temmontagens.com.br\/blog\/#\/schema\/logo\/image\/\",\"url\":\"https:\/\/www.temmontagens.com.br\/blog\/wp-content\/uploads\/2023\/10\/logo-1.jpg\",\"contentUrl\":\"https:\/\/www.temmontagens.com.br\/blog\/wp-content\/uploads\/2023\/10\/logo-1.jpg\",\"width\":184,\"height\":158,\"caption\":\"Tem Montagens\"},\"image\":{\"@id\":\"https:\/\/www.temmontagens.com.br\/blog\/#\/schema\/logo\/image\/\"}},{\"@type\":\"Person\",\"@id\":\"https:\/\/www.temmontagens.com.br\/blog\/#\/schema\/person\/f2a44ace5b6fdc61221c8bfb036f6169\",\"name\":\"admin\",\"image\":{\"@type\":\"ImageObject\",\"inLanguage\":\"pt-BR\",\"@id\":\"https:\/\/www.temmontagens.com.br\/blog\/#\/schema\/person\/image\/\",\"url\":\"https:\/\/secure.gravatar.com\/avatar\/3813f53848958b8842eeafda91666185a90010f65ed554379b78794cde6f234a?s=96&d=mm&r=g\",\"contentUrl\":\"https:\/\/secure.gravatar.com\/avatar\/3813f53848958b8842eeafda91666185a90010f65ed554379b78794cde6f234a?s=96&d=mm&r=g\",\"caption\":\"admin\"},\"sameAs\":[\"https:\/\/www.temmontagens.com.br\/blog\"],\"url\":\"https:\/\/www.temmontagens.com.br\/blog\/author\/admin\/\"}]}<\/script>\n<!-- \/ Yoast SEO plugin. -->","yoast_head_json":{"title":"Servi\u00e7o de instala\u00e7\u00e3o el\u00e9trica: conte com uma empresa especializada - Tem Montagens","description":"Servi\u00e7o de instala\u00e7\u00e3o el\u00e9trica em S\u00e3o Paulo para resid\u00eancias, com\u00e9rcios e ind\u00fastrias. Conte com uma empresa especializada para seu projeto.","robots":{"index":"index","follow":"follow","max-snippet":"max-snippet:-1","max-image-preview":"max-image-preview:large","max-video-preview":"max-video-preview:-1"},"canonical":"https:\/\/www.temmontagens.com.br\/blog\/instalacao-eletrica\/servico-de-instalacao-eletrica-conte-com-uma-empresa-especializada\/","og_locale":"pt_BR","og_type":"article","og_title":"Servi\u00e7o de instala\u00e7\u00e3o el\u00e9trica: conte com uma empresa especializada - Tem Montagens","og_description":"Servi\u00e7o de instala\u00e7\u00e3o el\u00e9trica em S\u00e3o Paulo para resid\u00eancias, com\u00e9rcios e ind\u00fastrias. Conte com uma empresa especializada para seu projeto.","og_url":"https:\/\/www.temmontagens.com.br\/blog\/instalacao-eletrica\/servico-de-instalacao-eletrica-conte-com-uma-empresa-especializada\/","og_site_name":"Tem Montagens","article_published_time":"2026-09-02T14:54:14+00:00","article_modified_time":"2026-09-02T14:54:15+00:00","og_image":[{"width":1536,"height":1024,"url":"https:\/\/www.temmontagens.com.br\/blog\/wp-content\/uploads\/2026\/09\/d23d1b7c-4bd4-4e68-86db-29dd44d43ee7.jpg","type":"image\/jpeg"}],"author":"admin","twitter_card":"summary_large_image","twitter_misc":{"Escrito por":"admin","Est. tempo de leitura":"6 minutos"},"schema":{"@context":"https:\/\/schema.org","@graph":[{"@type":"Article","@id":"https:\/\/www.temmontagens.com.br\/blog\/instalacao-eletrica\/servico-de-instalacao-eletrica-conte-com-uma-empresa-especializada\/#article","isPartOf":{"@id":"https:\/\/www.temmontagens.com.br\/blog\/instalacao-eletrica\/servico-de-instalacao-eletrica-conte-com-uma-empresa-especializada\/"},"author":{"name":"admin","@id":"https:\/\/www.temmontagens.com.br\/blog\/#\/schema\/person\/f2a44ace5b6fdc61221c8bfb036f6169"},"headline":"Servi\u00e7o de instala\u00e7\u00e3o el\u00e9trica: conte com uma empresa especializada","datePublished":"2026-09-02T14:54:14+00:00","dateModified":"2026-09-02T14:54:15+00:00","mainEntityOfPage":{"@id":"https:\/\/www.temmontagens.com.br\/blog\/instalacao-eletrica\/servico-de-instalacao-eletrica-conte-com-uma-empresa-especializada\/"},"wordCount":1091,"commentCount":0,"publisher":{"@id":"https:\/\/www.temmontagens.com.br\/blog\/#organization"},"keywords":["como contratar servi\u00e7os de instala\u00e7\u00e3o el\u00e9trica","como escolher empresa de instala\u00e7\u00e3o el\u00e9trica","como escolher instala\u00e7\u00e3o el\u00e9trica profissional","como funciona instala\u00e7\u00e3o el\u00e9trica comercial","empresa de instala\u00e7\u00e3o el\u00e9trica","empresa de instala\u00e7\u00e3o el\u00e9trica \u00e9 confi\u00e1vel","empresa de instala\u00e7\u00e3o el\u00e9trica em S\u00e3o Paulo","instala\u00e7\u00e3o el\u00e9trica comercial","instala\u00e7\u00e3o el\u00e9trica em s\u00e3o paulo","instala\u00e7\u00e3o el\u00e9trica industrial","instala\u00e7\u00e3o el\u00e9trica predial","instala\u00e7\u00e3o el\u00e9trica profissional","instala\u00e7\u00e3o el\u00e9trica residencial","instala\u00e7\u00f5es el\u00e9tricas","instala\u00e7\u00f5es el\u00e9tricas comerciais","Instala\u00e7\u00f5es el\u00e9tricas industriais","montagem el\u00e9trica","montagem el\u00e9trica baixa tens\u00e3o","o que avaliar em uma empresa de instala\u00e7\u00e3o el\u00e9trica","o que inclui servi\u00e7o de instala\u00e7\u00e3o el\u00e9trica","onde contratar instala\u00e7\u00e3o el\u00e9trica em S\u00e3o Paulo","onde contratar servi\u00e7o de instala\u00e7\u00e3o el\u00e9trica","projeto de instala\u00e7\u00e3o el\u00e9trica","projeto el\u00e9trico","qual empresa faz instala\u00e7\u00e3o el\u00e9trica em S\u00e3o Paulo","quando contratar instala\u00e7\u00e3o el\u00e9trica profissional","quando modernizar instala\u00e7\u00f5es el\u00e9tricas","quando reformar instala\u00e7\u00e3o el\u00e9trica","quanto custa servi\u00e7o de instala\u00e7\u00e3o el\u00e9trica","quem faz instala\u00e7\u00e3o el\u00e9trica industrial","retrofit el\u00e9trico","servi\u00e7o de instala\u00e7\u00e3o el\u00e9trica","servi\u00e7o de instala\u00e7\u00e3o el\u00e9trica em S\u00e3o Paulo","servi\u00e7os de instala\u00e7\u00e3o el\u00e9trica","TEM Montagens"],"articleSection":["Instala\u00e7\u00e3o el\u00e9trica"],"inLanguage":"pt-BR","potentialAction":[{"@type":"CommentAction","name":"Comment","target":["https:\/\/www.temmontagens.com.br\/blog\/instalacao-eletrica\/servico-de-instalacao-eletrica-conte-com-uma-empresa-especializada\/#respond"]}]},{"@type":"WebPage","@id":"https:\/\/www.temmontagens.com.br\/blog\/instalacao-eletrica\/servico-de-instalacao-eletrica-conte-com-uma-empresa-especializada\/","url":"https:\/\/www.temmontagens.com.br\/blog\/instalacao-eletrica\/servico-de-instalacao-eletrica-conte-com-uma-empresa-especializada\/","name":"Servi\u00e7o de instala\u00e7\u00e3o el\u00e9trica: conte com uma empresa especializada - Tem Montagens","isPartOf":{"@id":"https:\/\/www.temmontagens.com.br\/blog\/#website"},"datePublished":"2026-09-02T14:54:14+00:00","dateModified":"2026-09-02T14:54:15+00:00","description":"Servi\u00e7o de instala\u00e7\u00e3o el\u00e9trica em S\u00e3o Paulo para resid\u00eancias, com\u00e9rcios e ind\u00fastrias. Conte com uma empresa especializada para seu projeto.","breadcrumb":{"@id":"https:\/\/www.temmontagens.com.br\/blog\/instalacao-eletrica\/servico-de-instalacao-eletrica-conte-com-uma-empresa-especializada\/#breadcrumb"},"inLanguage":"pt-BR","potentialAction":[{"@type":"ReadAction","target":["https:\/\/www.temmontagens.com.br\/blog\/instalacao-eletrica\/servico-de-instalacao-eletrica-conte-com-uma-empresa-especializada\/"]}]},{"@type":"BreadcrumbList","@id":"https:\/\/www.temmontagens.com.br\/blog\/instalacao-eletrica\/servico-de-instalacao-eletrica-conte-com-uma-empresa-especializada\/#breadcrumb","itemListElement":[{"@type":"ListItem","position":1,"name":"In\u00edcio","item":"https:\/\/www.temmontagens.com.br\/blog\/"},{"@type":"ListItem","position":2,"name":"Servi\u00e7o de instala\u00e7\u00e3o el\u00e9trica: conte com uma empresa especializada"}]},{"@type":"WebSite","@id":"https:\/\/www.temmontagens.com.br\/blog\/#website","url":"https:\/\/www.temmontagens.com.br\/blog\/","name":"Tem Montagens","description":"","publisher":{"@id":"https:\/\/www.temmontagens.com.br\/blog\/#organization"},"potentialAction":[{"@type":"SearchAction","target":{"@type":"EntryPoint","urlTemplate":"https:\/\/www.temmontagens.com.br\/blog\/?s={search_term_string}"},"query-input":"required name=search_term_string"}],"inLanguage":"pt-BR"},{"@type":"Organization","@id":"https:\/\/www.temmontagens.com.br\/blog\/#organization","name":"Tem Montagens","url":"https:\/\/www.temmontagens.com.br\/blog\/","logo":{"@type":"ImageObject","inLanguage":"pt-BR","@id":"https:\/\/www.temmontagens.com.br\/blog\/#\/schema\/logo\/image\/","url":"https:\/\/www.temmontagens.com.br\/blog\/wp-content\/uploads\/2023\/10\/logo-1.jpg","contentUrl":"https:\/\/www.temmontagens.com.br\/blog\/wp-content\/uploads\/2023\/10\/logo-1.jpg","width":184,"height":158,"caption":"Tem Montagens"},"image":{"@id":"https:\/\/www.temmontagens.com.br\/blog\/#\/schema\/logo\/image\/"}},{"@type":"Person","@id":"https:\/\/www.temmontagens.com.br\/blog\/#\/schema\/person\/f2a44ace5b6fdc61221c8bfb036f6169","name":"admin","image":{"@type":"ImageObject","inLanguage":"pt-BR","@id":"https:\/\/www.temmontagens.com.br\/blog\/#\/schema\/person\/image\/","url":"https:\/\/secure.gravatar.com\/avatar\/3813f53848958b8842eeafda91666185a90010f65ed554379b78794cde6f234a?s=96&d=mm&r=g","contentUrl":"https:\/\/secure.gravatar.com\/avatar\/3813f53848958b8842eeafda91666185a90010f65ed554379b78794cde6f234a?s=96&d=mm&r=g","caption":"admin"},"sameAs":["https:\/\/www.temmontagens.com.br\/blog"],"url":"https:\/\/www.temmontagens.com.br\/blog\/author\/admin\/"}]}},"_links":{"self":[{"href":"https:\/\/www.temmontagens.com.br\/blog\/wp-json\/wp\/v2\/posts\/196","targetHints":{"allow":["GET"]}}],"collection":[{"href":"https:\/\/www.temmontagens.com.br\/blog\/wp-json\/wp\/v2\/posts"}],"about":[{"href":"https:\/\/www.temmontagens.com.br\/blog\/wp-json\/wp\/v2\/types\/post"}],"author":[{"embeddable":true,"href":"https:\/\/www.temmontagens.com.br\/blog\/wp-json\/wp\/v2\/users\/1"}],"replies":[{"embeddable":true,"href":"https:\/\/www.temmontagens.com.br\/blog\/wp-json\/wp\/v2\/comments?post=196"}],"version-history":[{"count":1,"href":"https:\/\/www.temmontagens.com.br\/blog\/wp-json\/wp\/v2\/posts\/196\/revisions"}],"predecessor-version":[{"id":199,"href":"https:\/\/www.temmontagens.com.br\/blog\/wp-json\/wp\/v2\/posts\/196\/revisions\/199"}],"wp:featuredmedia":[{"embeddable":true,"href":"https:\/\/www.temmontagens.com.br\/blog\/wp-json\/wp\/v2\/media\/197"}],"wp:attachment":[{"href":"https:\/\/www.temmontagens.com.br\/blog\/wp-json\/wp\/v2\/media?parent=196"}],"wp:term":[{"taxonomy":"category","embeddable":true,"href":"https:\/\/www.temmontagens.com.br\/blog\/wp-json\/wp\/v2\/categories?post=196"},{"taxonomy":"post_tag","embeddable":true,"href":"https:\/\/www.temmontagens.com.br\/blog\/wp-json\/wp\/v2\/tags?post=196"}],"curies":[{"name":"wp","href":"https:\/\/api.w.org\/{rel}","templated":true}]}}